{"id":15706,"date":"2026-05-01T08:19:58","date_gmt":"2026-05-01T08:19:58","guid":{"rendered":"https:\/\/sibiz.eu\/yabancilar-icin-iyi-haber-slovenya-hizlandirilmis-ise-alim-sureclerini-uzatiyor\/"},"modified":"2026-05-01T08:25:03","modified_gmt":"2026-05-01T08:25:03","slug":"yabancilar-icin-iyi-haber-slovenya-hizlandirilmis-ise-alim-sureclerini-uzatiyor","status":"publish","type":"post","link":"https:\/\/sibiz.eu\/tr\/yabancilar-icin-iyi-haber-slovenya-hizlandirilmis-ise-alim-sureclerini-uzatiyor\/","title":{"rendered":"YABANCILAR \u0130\u00c7\u0130N \u0130Y\u0130 HABER: Slovenya, H\u0131zland\u0131r\u0131lm\u0131\u015f \u0130\u015fe Al\u0131m S\u00fcre\u00e7lerini Uzat\u0131yor"},"content":{"rendered":"\n<figure class=\" wp-block-image eplus-wrapper\"><img decoding=\"async\" src=\"https:\/\/sibiz.eu\/wp-content\/uploads\/2026\/01\/Resim1-1.jpg\" alt=\"\"\/><\/figure>\n\n<p class=\" eplus-wrapper\"><p>Ljubljana, Nisan 2026 &#8211; <strong>\u00c7al\u0131\u015fma, Aile, Sosyal \u0130\u015fler ve F\u0131rsat E\u015fitli\u011fi Bakanl\u0131\u011f\u0131<\/strong> (MDDSZ), <strong>yabanc\u0131lar\u0131n daha h\u0131zl\u0131 istihdam edilmesini<\/strong> sa\u011flayan kararnamenin ge\u00e7erlilik s\u00fcresini resmi olarak uzatt\u0131. Ba\u015flang\u0131\u00e7ta 30 Nisan&#8217;da sona erecek olan h\u0131zland\u0131r\u0131lm\u0131\u015f prosed\u00fcrler, art\u0131k <strong>31 Ekim 2026<\/strong> tarihine kadar y\u00fcr\u00fcrl\u00fckte kalacak.<\/p><\/p>\n\n<p class=\" eplus-wrapper\"><p>Bu d\u00fczenleme, Slovenya\u2019daki bir\u00e7ok \u00f6nemli sekt\u00f6rde s\u00fcregelen <strong>i\u015fg\u00fcc\u00fc s\u0131k\u0131nt\u0131s\u0131n\u0131<\/strong> gidermeye y\u00f6nelik stratejik bir ad\u0131md\u0131r. Bu d\u00fczenleme, halihaz\u0131rda \u00fclkede yasal olarak ikamet eden ve Slovenya <strong>i\u015fg\u00fcc\u00fc piyasas\u0131na<\/strong> girmek isteyen <strong>yabanc\u0131 i\u015f\u00e7iler<\/strong> i\u00e7in idari s\u00fcreci kolayla\u015ft\u0131rmaktad\u0131r.<\/p><\/p>\n\n<p class=\" eplus-wrapper\"><p><strong>Bu sizin i\u00e7in ne anlama geliyor?<\/strong><\/p><\/p>\n\n<p class=\" eplus-wrapper\"><p>Bu kararnamenin en \u00f6nemli avantaj\u0131, <strong>basitle\u015ftirilmi\u015f i\u015fe al\u0131m s\u00fcreci<\/strong>dir. Baz\u0131 meslekler i\u00e7in, <strong>Slovenya Cumhuriyeti \u0130stihdam Servisi<\/strong> (ZRSZ) &#8220;i\u015fg\u00fcc\u00fc piyasas\u0131 testi&#8221; yapmadan izin verebilmektedir. Bu, uygun yerli adaylar\u0131n olup olmad\u0131\u011f\u0131n\u0131 \u00f6nceden kontrol etmedikleri anlam\u0131na gelir ve bu da bekleme s\u00fcresini \u00f6nemli \u00f6l\u00e7\u00fcde k\u0131salt\u0131r.<\/p><\/p>\n\n<p class=\" eplus-wrapper\"><p>Ayr\u0131ca, mevcut mevzuata g\u00f6re, bir yabanc\u0131, ZRSZ\u2019nin onay\u0131n\u0131 alm\u0131\u015f olmas\u0131 ko\u015fuluyla, <strong>tek tip ikamet ve \u00e7al\u0131\u015fma izni<\/strong> ba\u015fvurusu hakk\u0131nda <strong>idari birim<\/strong> (UE \u2013 ikamet ve \u00e7al\u0131\u015fma izni ba\u015fvurular\u0131n\u0131n i\u015fleme al\u0131nd\u0131\u011f\u0131 yerel y\u00f6netim ofisi) taraf\u0131ndan bir belge d\u00fczenlendi\u011fi anda <strong>\u00e7al\u0131\u015fmaya ba\u015flayabilir<\/strong>.<\/p><\/p>\n\n<p class=\" eplus-wrapper\"><p><strong>Kapsanan ba\u015fl\u0131ca sekt\u00f6rler ve meslekler<\/strong><\/p><\/p>\n\n<p class=\" eplus-wrapper\"><p><strong>H\u0131zland\u0131r\u0131lm\u0131\u015f<\/strong> i\u015flem, a\u015fa\u011f\u0131dakiler dahil olmak \u00fczere \u00e7ok \u00e7e\u015fitli sekt\u00f6rler i\u00e7in sunulmaktad\u0131r:<\/p><\/p>\n<ol class=\" wp-block-list eplus-wrapper eplus-styles-uid-ce8b05\">\n<li class=\" eplus-wrapper\"><p><strong>Tar\u0131m ve ormanc\u0131l\u0131k<\/strong>: \u00c7ift\u00e7iler, orman i\u015f\u00e7ileri ve teknisyenler.<\/p><\/li>\n\n\n\n<li class=\" eplus-wrapper\"><p><strong>\u00dcretim<\/strong>: Eczac\u0131lar, kimya ve g\u0131da teknisyenleri, <strong>mekanik\u00e7iler<\/strong>, kal\u0131p\u00e7\u0131lar ve kasaplar.<\/p><\/li>\n\n\n\n<li class=\" eplus-wrapper\"><p><strong>\u0130n\u015faat ve M\u00fchendislik<\/strong>: <strong>Elektrik m\u00fchendisleri<\/strong>, in\u015faat m\u00fchendisleri, makine m\u00fchendisleri ve elektromekanik m\u00fchendisleri.<\/p><\/li>\n\n\n\n<li class=\" eplus-wrapper\"><p><strong>Ula\u015f\u0131m ve Lojistik<\/strong>: A\u011f\u0131r kamyon ve \u00e7ekici-r\u00f6mork <strong>s\u00fcr\u00fcc\u00fcleri<\/strong>.<\/p><\/li>\n\n\n\n<li class=\" eplus-wrapper\"><p><strong>Konaklama ve Turizm<\/strong>: <strong>A\u015f\u00e7\u0131lar<\/strong>, garsonlar, otel resepsiyonistleri ve temizlik g\u00f6revlileri.<\/p><\/li>\n\n\n\n<li class=\" eplus-wrapper\"><p><strong>Bilgi Teknolojileri ve \u0130leti\u015fim<\/strong>: <strong>Yaz\u0131l\u0131m geli\u015ftiriciler<\/strong>, uygulama analistleri, veri uzmanlar\u0131 ve <strong>siber g\u00fcvenlik uzmanlar\u0131<\/strong>.<\/p><\/li>\n\n\n\n<li class=\" eplus-wrapper\"><p><strong>Sa\u011fl\u0131k ve Sosyal Hizmetler<\/strong>: <strong>Uzmanlar<\/strong>, Aile Hekimleri, Hem\u015fireler, Hem\u015fire Yard\u0131mc\u0131lar\u0131 ve <strong>Fizyoterapistler<\/strong>.<\/p><\/li>\n<\/ol>\n<p class=\" eplus-wrapper\"><p><strong>2025 y\u0131l\u0131 i\u00e7in i\u015fg\u00fcc\u00fc a\u00e7\u0131\u011f\u0131 bulunan mesleklerin tam listesini g\u00f6rmek i\u00e7in web sitemizi ziyaret edin:<\/strong> <a href=\"https:\/\/sibiz.eu\/tr\/slovenya-2025-icin-eksik-meslekler-listesini-genisletti\/\">https:\/\/sibiz.eu\/slovenia-expands-list-of-shortage-occupations-for-2025\/<\/a><\/p><\/p>\n\n<p class=\" eplus-wrapper\"><p>Bu alt\u0131 ayl\u0131k uzatma, <strong>i\u015fletmelere<\/strong> \u00e7ok ihtiya\u00e7 duyulan <strong>esneklik<\/strong> sa\u011fl\u0131yor ve turizm, tar\u0131m ve in\u015faat sekt\u00f6rlerinde yo\u011fun sezonlarda daha iyi planlama yap\u0131lmas\u0131na olanak tan\u0131yor.<\/p><\/p>\n\n<p class=\" eplus-wrapper\"><p><strong>SIBIZ Hakk\u0131nda<\/strong><\/p><\/p>\n\n<p class=\" eplus-wrapper\"><p><strong>SIBIZ<\/strong> olarak, Slovenya i\u015f d\u00fcnyas\u0131nda yolunu bulan <strong>i\u015f profesyonellerine<\/strong>, <strong>kurumsal m\u00fc\u015fterilere<\/strong> ve <strong>bireylere<\/strong> kapsaml\u0131 destek sunma konusunda uzman\u0131z. Ekibimiz, Slovenya pazar\u0131na sorunsuz bir ge\u00e7i\u015f sa\u011flamak amac\u0131yla <strong>i\u015f g\u00f6\u00e7\u00fc<\/strong>, istihdam prosed\u00fcrleri ve mevzuata uygunluk konular\u0131nda uzman rehberlik sunmaktad\u0131r.<\/p><\/p>\n\n<p class=\" eplus-wrapper\">\u0130ster yetenekli \u00e7al\u0131\u015fanlar arayan bir i\u015fveren, ister yeni f\u0131rsatlar arayan bir profesyonel olun, ba\u015far\u0131ya ula\u015fman\u0131z i\u00e7in yan\u0131n\u0131zday\u0131z.<\/p>\n\n<p class=\" eplus-wrapper\"><p><strong>Daha fazla bilgi i\u00e7in: <\/strong><a href=\"http:\/\/www.sibiz.eu\"><strong><mark class=\"has-inline-color has-blue-color\" style=\"background-color: rgba(0, 0, 0, 0);\">www.sibiz.eu<\/mark><\/strong><\/a><\/p><\/p>\n\n<p class=\" eplus-wrapper\"><\/p>\n","protected":false},"excerpt":{"rendered":"<p>Ljubljana, Nisan 2026 &#8211; \u00c7al\u0131\u015fma, Aile, Sosyal \u0130\u015fler ve F\u0131rsat E\u015fitli\u011fi Bakanl\u0131\u011f\u0131 (MDDSZ), yabanc\u0131lar\u0131n daha h\u0131zl\u0131 istihdam edilmesini sa\u011flayan kararnamenin ge\u00e7erlilik s\u00fcresini resmi olarak uzatt\u0131. Ba\u015flang\u0131\u00e7ta 30 Nisan&#8217;da sona erecek olan h\u0131zland\u0131r\u0131lm\u0131\u015f prosed\u00fcrler, art\u0131k 31 Ekim 2026 tarihine kadar y\u00fcr\u00fcrl\u00fckte kalacak. Bu d\u00fczenleme, Slovenya\u2019daki bir\u00e7ok \u00f6nemli sekt\u00f6rde s\u00fcregelen i\u015fg\u00fcc\u00fc s\u0131k\u0131nt\u0131s\u0131n\u0131 gidermeye y\u00f6nelik stratejik bir ad\u0131md\u0131r. [&hellip;]<\/p>\n","protected":false},"author":8,"featured_media":14707,"comment_status":"closed","ping_status":"closed","sticky":false,"template":"","format":"standard","meta":{"_acf_changed":false,"_editorskit_title_hidden":false,"_editorskit_reading_time":0,"_editorskit_is_block_options_detached":false,"_editorskit_block_options_position":"{}","editor_plus_copied_stylings":"{}","footnotes":""},"categories":[1033,1029,1038,1037,1039,1041],"tags":[40,27,30,32,37,53],"class_list":["post-15706","post","type-post","status-publish","format-standard","has-post-thumbnail","hentry","category-blog-tr","category-haberler","category-isletme","category-mevzuat","category-slovenyada-istihda","category-yabanci-calistirmak","tag-business-in-slovenia","tag-employment","tag-labour","tag-life-in-slovenia-2","tag-slovenia","tag-work-in-slovenia"],"acf":[],"yoast_head":"<!-- This site is optimized with the Yoast SEO plugin v27.4 - https:\/\/yoast.com\/product\/yoast-seo-wordpress\/ -->\n<title>YABANCILAR \u0130\u00c7\u0130N \u0130Y\u0130 HABER: Slovenya, H\u0131zland\u0131r\u0131lm\u0131\u015f \u0130\u015fe Al\u0131m S\u00fcre\u00e7lerini Uzat\u0131yor - Sibiz d.o.o.<\/title>\n<meta name=\"robots\" content=\"index, follow, max-snippet:-1, max-image-preview:large, max-video-preview:-1\" \/>\n<link rel=\"canonical\" href=\"https:\/\/sibiz.eu\/tr\/yabancilar-icin-iyi-haber-slovenya-hizlandirilmis-ise-alim-sureclerini-uzatiyor\/\" \/>\n<meta property=\"og:locale\" content=\"tr_TR\" \/>\n<meta property=\"og:type\" content=\"article\" \/>\n<meta property=\"og:title\" content=\"YABANCILAR \u0130\u00c7\u0130N \u0130Y\u0130 HABER: Slovenya, H\u0131zland\u0131r\u0131lm\u0131\u015f \u0130\u015fe Al\u0131m S\u00fcre\u00e7lerini Uzat\u0131yor - Sibiz d.o.o.\" \/>\n<meta property=\"og:description\" content=\"Ljubljana, Nisan 2026 &#8211; \u00c7al\u0131\u015fma, Aile, Sosyal \u0130\u015fler ve F\u0131rsat E\u015fitli\u011fi Bakanl\u0131\u011f\u0131 (MDDSZ), yabanc\u0131lar\u0131n daha h\u0131zl\u0131 istihdam edilmesini sa\u011flayan kararnamenin ge\u00e7erlilik s\u00fcresini resmi olarak uzatt\u0131. Ba\u015flang\u0131\u00e7ta 30 Nisan&#8217;da sona erecek olan h\u0131zland\u0131r\u0131lm\u0131\u015f prosed\u00fcrler, art\u0131k 31 Ekim 2026 tarihine kadar y\u00fcr\u00fcrl\u00fckte kalacak. Bu d\u00fczenleme, Slovenya\u2019daki bir\u00e7ok \u00f6nemli sekt\u00f6rde s\u00fcregelen i\u015fg\u00fcc\u00fc s\u0131k\u0131nt\u0131s\u0131n\u0131 gidermeye y\u00f6nelik stratejik bir ad\u0131md\u0131r. [&hellip;]\" \/>\n<meta property=\"og:url\" content=\"https:\/\/sibiz.eu\/tr\/yabancilar-icin-iyi-haber-slovenya-hizlandirilmis-ise-alim-sureclerini-uzatiyor\/\" \/>\n<meta property=\"og:site_name\" content=\"Sibiz d.o.o.\" \/>\n<meta property=\"article:published_time\" content=\"2026-05-01T08:19:58+00:00\" \/>\n<meta property=\"article:modified_time\" content=\"2026-05-01T08:25:03+00:00\" \/>\n<meta property=\"og:image\" content=\"https:\/\/sibiz.eu\/wp-content\/uploads\/2026\/01\/Resim1-1.jpg\" \/>\n\t<meta property=\"og:image:width\" content=\"1827\" \/>\n\t<meta property=\"og:image:height\" content=\"1216\" \/>\n\t<meta property=\"og:image:type\" content=\"image\/jpeg\" \/>\n<meta name=\"author\" content=\"Eymen Erakkaya\" \/>\n<meta name=\"twitter:card\" content=\"summary_large_image\" \/>\n<meta name=\"twitter:label1\" content=\"Yazan:\" \/>\n\t<meta name=\"twitter:data1\" content=\"Eymen Erakkaya\" \/>\n\t<meta name=\"twitter:label2\" content=\"Tahmini okuma s\u00fcresi\" \/>\n\t<meta name=\"twitter:data2\" content=\"3 dakika\" \/>\n<script type=\"application\/ld+json\" class=\"yoast-schema-graph\">{\"@context\":\"https:\\\/\\\/schema.org\",\"@graph\":[{\"@type\":\"Article\",\"@id\":\"https:\\\/\\\/sibiz.eu\\\/tr\\\/yabancilar-icin-iyi-haber-slovenya-hizlandirilmis-ise-alim-sureclerini-uzatiyor\\\/#article\",\"isPartOf\":{\"@id\":\"https:\\\/\\\/sibiz.eu\\\/tr\\\/yabancilar-icin-iyi-haber-slovenya-hizlandirilmis-ise-alim-sureclerini-uzatiyor\\\/\"},\"author\":{\"name\":\"Eymen Erakkaya\",\"@id\":\"https:\\\/\\\/sibiz.eu\\\/tr\\\/#\\\/schema\\\/person\\\/70bdc0ba03615188934639f9ddc6e880\"},\"headline\":\"YABANCILAR \u0130\u00c7\u0130N \u0130Y\u0130 HABER: Slovenya, H\u0131zland\u0131r\u0131lm\u0131\u015f \u0130\u015fe Al\u0131m S\u00fcre\u00e7lerini Uzat\u0131yor\",\"datePublished\":\"2026-05-01T08:19:58+00:00\",\"dateModified\":\"2026-05-01T08:25:03+00:00\",\"mainEntityOfPage\":{\"@id\":\"https:\\\/\\\/sibiz.eu\\\/tr\\\/yabancilar-icin-iyi-haber-slovenya-hizlandirilmis-ise-alim-sureclerini-uzatiyor\\\/\"},\"wordCount\":541,\"publisher\":{\"@id\":\"https:\\\/\\\/sibiz.eu\\\/tr\\\/#organization\"},\"image\":{\"@id\":\"https:\\\/\\\/sibiz.eu\\\/tr\\\/yabancilar-icin-iyi-haber-slovenya-hizlandirilmis-ise-alim-sureclerini-uzatiyor\\\/#primaryimage\"},\"thumbnailUrl\":\"https:\\\/\\\/sibiz.eu\\\/wp-content\\\/uploads\\\/2026\\\/01\\\/Resim1-1.jpg\",\"keywords\":[\"business in Slovenia\",\"employment\",\"labour\",\"life in Slovenia\",\"Slovenia\",\"Work in Slovenia\"],\"articleSection\":[\"BLOG\",\"HABERLER\",\"I\u015fletme\",\"Mevzuat\",\"Slovenya'da \u0130stihda\",\"Yabanc\u0131 \u00c7al\u0131\u015ft\u0131rmak\"],\"inLanguage\":\"tr\"},{\"@type\":\"WebPage\",\"@id\":\"https:\\\/\\\/sibiz.eu\\\/tr\\\/yabancilar-icin-iyi-haber-slovenya-hizlandirilmis-ise-alim-sureclerini-uzatiyor\\\/\",\"url\":\"https:\\\/\\\/sibiz.eu\\\/tr\\\/yabancilar-icin-iyi-haber-slovenya-hizlandirilmis-ise-alim-sureclerini-uzatiyor\\\/\",\"name\":\"YABANCILAR \u0130\u00c7\u0130N \u0130Y\u0130 HABER: Slovenya, H\u0131zland\u0131r\u0131lm\u0131\u015f \u0130\u015fe Al\u0131m S\u00fcre\u00e7lerini Uzat\u0131yor - Sibiz d.o.o.\",\"isPartOf\":{\"@id\":\"https:\\\/\\\/sibiz.eu\\\/tr\\\/#website\"},\"primaryImageOfPage\":{\"@id\":\"https:\\\/\\\/sibiz.eu\\\/tr\\\/yabancilar-icin-iyi-haber-slovenya-hizlandirilmis-ise-alim-sureclerini-uzatiyor\\\/#primaryimage\"},\"image\":{\"@id\":\"https:\\\/\\\/sibiz.eu\\\/tr\\\/yabancilar-icin-iyi-haber-slovenya-hizlandirilmis-ise-alim-sureclerini-uzatiyor\\\/#primaryimage\"},\"thumbnailUrl\":\"https:\\\/\\\/sibiz.eu\\\/wp-content\\\/uploads\\\/2026\\\/01\\\/Resim1-1.jpg\",\"datePublished\":\"2026-05-01T08:19:58+00:00\",\"dateModified\":\"2026-05-01T08:25:03+00:00\",\"breadcrumb\":{\"@id\":\"https:\\\/\\\/sibiz.eu\\\/tr\\\/yabancilar-icin-iyi-haber-slovenya-hizlandirilmis-ise-alim-sureclerini-uzatiyor\\\/#breadcrumb\"},\"inLanguage\":\"tr\",\"potentialAction\":[{\"@type\":\"ReadAction\",\"target\":[\"https:\\\/\\\/sibiz.eu\\\/tr\\\/yabancilar-icin-iyi-haber-slovenya-hizlandirilmis-ise-alim-sureclerini-uzatiyor\\\/\"]}]},{\"@type\":\"ImageObject\",\"inLanguage\":\"tr\",\"@id\":\"https:\\\/\\\/sibiz.eu\\\/tr\\\/yabancilar-icin-iyi-haber-slovenya-hizlandirilmis-ise-alim-sureclerini-uzatiyor\\\/#primaryimage\",\"url\":\"https:\\\/\\\/sibiz.eu\\\/wp-content\\\/uploads\\\/2026\\\/01\\\/Resim1-1.jpg\",\"contentUrl\":\"https:\\\/\\\/sibiz.eu\\\/wp-content\\\/uploads\\\/2026\\\/01\\\/Resim1-1.jpg\",\"width\":1827,\"height\":1216},{\"@type\":\"BreadcrumbList\",\"@id\":\"https:\\\/\\\/sibiz.eu\\\/tr\\\/yabancilar-icin-iyi-haber-slovenya-hizlandirilmis-ise-alim-sureclerini-uzatiyor\\\/#breadcrumb\",\"itemListElement\":[{\"@type\":\"ListItem\",\"position\":1,\"name\":\"Home\",\"item\":\"https:\\\/\\\/sibiz.eu\\\/tr\\\/\"},{\"@type\":\"ListItem\",\"position\":2,\"name\":\"YABANCILAR \u0130\u00c7\u0130N \u0130Y\u0130 HABER: Slovenya, H\u0131zland\u0131r\u0131lm\u0131\u015f \u0130\u015fe Al\u0131m S\u00fcre\u00e7lerini Uzat\u0131yor\"}]},{\"@type\":\"WebSite\",\"@id\":\"https:\\\/\\\/sibiz.eu\\\/tr\\\/#website\",\"url\":\"https:\\\/\\\/sibiz.eu\\\/tr\\\/\",\"name\":\"Sibiz d.o.o.\",\"description\":\"Sibiz d.o.o. is a premier provider of advanced ASIC, FPGA, Firmware and Software design services and is actively developing soft IP Cores, high-performance processors, data-communication network processors and switches used as infrastructure blocks in building complex SoC products for communications and a variety of embedded applications.\",\"publisher\":{\"@id\":\"https:\\\/\\\/sibiz.eu\\\/tr\\\/#organization\"},\"potentialAction\":[{\"@type\":\"SearchAction\",\"target\":{\"@type\":\"EntryPoint\",\"urlTemplate\":\"https:\\\/\\\/sibiz.eu\\\/tr\\\/?s={search_term_string}\"},\"query-input\":{\"@type\":\"PropertyValueSpecification\",\"valueRequired\":true,\"valueName\":\"search_term_string\"}}],\"inLanguage\":\"tr\"},{\"@type\":\"Organization\",\"@id\":\"https:\\\/\\\/sibiz.eu\\\/tr\\\/#organization\",\"name\":\"Sibiz d.o.o.\",\"url\":\"https:\\\/\\\/sibiz.eu\\\/tr\\\/\",\"logo\":{\"@type\":\"ImageObject\",\"inLanguage\":\"tr\",\"@id\":\"https:\\\/\\\/sibiz.eu\\\/tr\\\/#\\\/schema\\\/logo\\\/image\\\/\",\"url\":\"https:\\\/\\\/sibiz.eu\\\/wp-content\\\/uploads\\\/2024\\\/07\\\/cropped-favicon_sibiz.png\",\"contentUrl\":\"https:\\\/\\\/sibiz.eu\\\/wp-content\\\/uploads\\\/2024\\\/07\\\/cropped-favicon_sibiz.png\",\"width\":512,\"height\":512,\"caption\":\"Sibiz d.o.o.\"},\"image\":{\"@id\":\"https:\\\/\\\/sibiz.eu\\\/tr\\\/#\\\/schema\\\/logo\\\/image\\\/\"}},{\"@type\":\"Person\",\"@id\":\"https:\\\/\\\/sibiz.eu\\\/tr\\\/#\\\/schema\\\/person\\\/70bdc0ba03615188934639f9ddc6e880\",\"name\":\"Eymen Erakkaya\",\"url\":\"https:\\\/\\\/sibiz.eu\\\/tr\\\/author\\\/eymene\\\/\"}]}<\/script>\n<!-- \/ Yoast SEO plugin. -->","yoast_head_json":{"title":"YABANCILAR \u0130\u00c7\u0130N \u0130Y\u0130 HABER: Slovenya, H\u0131zland\u0131r\u0131lm\u0131\u015f \u0130\u015fe Al\u0131m S\u00fcre\u00e7lerini Uzat\u0131yor - Sibiz d.o.o.","robots":{"index":"index","follow":"follow","max-snippet":"max-snippet:-1","max-image-preview":"max-image-preview:large","max-video-preview":"max-video-preview:-1"},"canonical":"https:\/\/sibiz.eu\/tr\/yabancilar-icin-iyi-haber-slovenya-hizlandirilmis-ise-alim-sureclerini-uzatiyor\/","og_locale":"tr_TR","og_type":"article","og_title":"YABANCILAR \u0130\u00c7\u0130N \u0130Y\u0130 HABER: Slovenya, H\u0131zland\u0131r\u0131lm\u0131\u015f \u0130\u015fe Al\u0131m S\u00fcre\u00e7lerini Uzat\u0131yor - Sibiz d.o.o.","og_description":"Ljubljana, Nisan 2026 &#8211; \u00c7al\u0131\u015fma, Aile, Sosyal \u0130\u015fler ve F\u0131rsat E\u015fitli\u011fi Bakanl\u0131\u011f\u0131 (MDDSZ), yabanc\u0131lar\u0131n daha h\u0131zl\u0131 istihdam edilmesini sa\u011flayan kararnamenin ge\u00e7erlilik s\u00fcresini resmi olarak uzatt\u0131. Ba\u015flang\u0131\u00e7ta 30 Nisan&#8217;da sona erecek olan h\u0131zland\u0131r\u0131lm\u0131\u015f prosed\u00fcrler, art\u0131k 31 Ekim 2026 tarihine kadar y\u00fcr\u00fcrl\u00fckte kalacak. Bu d\u00fczenleme, Slovenya\u2019daki bir\u00e7ok \u00f6nemli sekt\u00f6rde s\u00fcregelen i\u015fg\u00fcc\u00fc s\u0131k\u0131nt\u0131s\u0131n\u0131 gidermeye y\u00f6nelik stratejik bir ad\u0131md\u0131r. [&hellip;]","og_url":"https:\/\/sibiz.eu\/tr\/yabancilar-icin-iyi-haber-slovenya-hizlandirilmis-ise-alim-sureclerini-uzatiyor\/","og_site_name":"Sibiz d.o.o.","article_published_time":"2026-05-01T08:19:58+00:00","article_modified_time":"2026-05-01T08:25:03+00:00","og_image":[{"width":1827,"height":1216,"url":"https:\/\/sibiz.eu\/wp-content\/uploads\/2026\/01\/Resim1-1.jpg","type":"image\/jpeg"}],"author":"Eymen Erakkaya","twitter_card":"summary_large_image","twitter_misc":{"Yazan:":"Eymen Erakkaya","Tahmini okuma s\u00fcresi":"3 dakika"},"schema":{"@context":"https:\/\/schema.org","@graph":[{"@type":"Article","@id":"https:\/\/sibiz.eu\/tr\/yabancilar-icin-iyi-haber-slovenya-hizlandirilmis-ise-alim-sureclerini-uzatiyor\/#article","isPartOf":{"@id":"https:\/\/sibiz.eu\/tr\/yabancilar-icin-iyi-haber-slovenya-hizlandirilmis-ise-alim-sureclerini-uzatiyor\/"},"author":{"name":"Eymen Erakkaya","@id":"https:\/\/sibiz.eu\/tr\/#\/schema\/person\/70bdc0ba03615188934639f9ddc6e880"},"headline":"YABANCILAR \u0130\u00c7\u0130N \u0130Y\u0130 HABER: Slovenya, H\u0131zland\u0131r\u0131lm\u0131\u015f \u0130\u015fe Al\u0131m S\u00fcre\u00e7lerini Uzat\u0131yor","datePublished":"2026-05-01T08:19:58+00:00","dateModified":"2026-05-01T08:25:03+00:00","mainEntityOfPage":{"@id":"https:\/\/sibiz.eu\/tr\/yabancilar-icin-iyi-haber-slovenya-hizlandirilmis-ise-alim-sureclerini-uzatiyor\/"},"wordCount":541,"publisher":{"@id":"https:\/\/sibiz.eu\/tr\/#organization"},"image":{"@id":"https:\/\/sibiz.eu\/tr\/yabancilar-icin-iyi-haber-slovenya-hizlandirilmis-ise-alim-sureclerini-uzatiyor\/#primaryimage"},"thumbnailUrl":"https:\/\/sibiz.eu\/wp-content\/uploads\/2026\/01\/Resim1-1.jpg","keywords":["business in Slovenia","employment","labour","life in Slovenia","Slovenia","Work in Slovenia"],"articleSection":["BLOG","HABERLER","I\u015fletme","Mevzuat","Slovenya'da \u0130stihda","Yabanc\u0131 \u00c7al\u0131\u015ft\u0131rmak"],"inLanguage":"tr"},{"@type":"WebPage","@id":"https:\/\/sibiz.eu\/tr\/yabancilar-icin-iyi-haber-slovenya-hizlandirilmis-ise-alim-sureclerini-uzatiyor\/","url":"https:\/\/sibiz.eu\/tr\/yabancilar-icin-iyi-haber-slovenya-hizlandirilmis-ise-alim-sureclerini-uzatiyor\/","name":"YABANCILAR \u0130\u00c7\u0130N \u0130Y\u0130 HABER: Slovenya, H\u0131zland\u0131r\u0131lm\u0131\u015f \u0130\u015fe Al\u0131m S\u00fcre\u00e7lerini Uzat\u0131yor - Sibiz d.o.o.","isPartOf":{"@id":"https:\/\/sibiz.eu\/tr\/#website"},"primaryImageOfPage":{"@id":"https:\/\/sibiz.eu\/tr\/yabancilar-icin-iyi-haber-slovenya-hizlandirilmis-ise-alim-sureclerini-uzatiyor\/#primaryimage"},"image":{"@id":"https:\/\/sibiz.eu\/tr\/yabancilar-icin-iyi-haber-slovenya-hizlandirilmis-ise-alim-sureclerini-uzatiyor\/#primaryimage"},"thumbnailUrl":"https:\/\/sibiz.eu\/wp-content\/uploads\/2026\/01\/Resim1-1.jpg","datePublished":"2026-05-01T08:19:58+00:00","dateModified":"2026-05-01T08:25:03+00:00","breadcrumb":{"@id":"https:\/\/sibiz.eu\/tr\/yabancilar-icin-iyi-haber-slovenya-hizlandirilmis-ise-alim-sureclerini-uzatiyor\/#breadcrumb"},"inLanguage":"tr","potentialAction":[{"@type":"ReadAction","target":["https:\/\/sibiz.eu\/tr\/yabancilar-icin-iyi-haber-slovenya-hizlandirilmis-ise-alim-sureclerini-uzatiyor\/"]}]},{"@type":"ImageObject","inLanguage":"tr","@id":"https:\/\/sibiz.eu\/tr\/yabancilar-icin-iyi-haber-slovenya-hizlandirilmis-ise-alim-sureclerini-uzatiyor\/#primaryimage","url":"https:\/\/sibiz.eu\/wp-content\/uploads\/2026\/01\/Resim1-1.jpg","contentUrl":"https:\/\/sibiz.eu\/wp-content\/uploads\/2026\/01\/Resim1-1.jpg","width":1827,"height":1216},{"@type":"BreadcrumbList","@id":"https:\/\/sibiz.eu\/tr\/yabancilar-icin-iyi-haber-slovenya-hizlandirilmis-ise-alim-sureclerini-uzatiyor\/#breadcrumb","itemListElement":[{"@type":"ListItem","position":1,"name":"Home","item":"https:\/\/sibiz.eu\/tr\/"},{"@type":"ListItem","position":2,"name":"YABANCILAR \u0130\u00c7\u0130N \u0130Y\u0130 HABER: Slovenya, H\u0131zland\u0131r\u0131lm\u0131\u015f \u0130\u015fe Al\u0131m S\u00fcre\u00e7lerini Uzat\u0131yor"}]},{"@type":"WebSite","@id":"https:\/\/sibiz.eu\/tr\/#website","url":"https:\/\/sibiz.eu\/tr\/","name":"Sibiz d.o.o.","description":"Sibiz d.o.o. is a premier provider of advanced ASIC, FPGA, Firmware and Software design services and is actively developing soft IP Cores, high-performance processors, data-communication network processors and switches used as infrastructure blocks in building complex SoC products for communications and a variety of embedded applications.","publisher":{"@id":"https:\/\/sibiz.eu\/tr\/#organization"},"potentialAction":[{"@type":"SearchAction","target":{"@type":"EntryPoint","urlTemplate":"https:\/\/sibiz.eu\/tr\/?s={search_term_string}"},"query-input":{"@type":"PropertyValueSpecification","valueRequired":true,"valueName":"search_term_string"}}],"inLanguage":"tr"},{"@type":"Organization","@id":"https:\/\/sibiz.eu\/tr\/#organization","name":"Sibiz d.o.o.","url":"https:\/\/sibiz.eu\/tr\/","logo":{"@type":"ImageObject","inLanguage":"tr","@id":"https:\/\/sibiz.eu\/tr\/#\/schema\/logo\/image\/","url":"https:\/\/sibiz.eu\/wp-content\/uploads\/2024\/07\/cropped-favicon_sibiz.png","contentUrl":"https:\/\/sibiz.eu\/wp-content\/uploads\/2024\/07\/cropped-favicon_sibiz.png","width":512,"height":512,"caption":"Sibiz d.o.o."},"image":{"@id":"https:\/\/sibiz.eu\/tr\/#\/schema\/logo\/image\/"}},{"@type":"Person","@id":"https:\/\/sibiz.eu\/tr\/#\/schema\/person\/70bdc0ba03615188934639f9ddc6e880","name":"Eymen Erakkaya","url":"https:\/\/sibiz.eu\/tr\/author\/eymene\/"}]}},"_links":{"self":[{"href":"https:\/\/sibiz.eu\/tr\/wp-json\/wp\/v2\/posts\/15706","targetHints":{"allow":["GET"]}}],"collection":[{"href":"https:\/\/sibiz.eu\/tr\/wp-json\/wp\/v2\/posts"}],"about":[{"href":"https:\/\/sibiz.eu\/tr\/wp-json\/wp\/v2\/types\/post"}],"author":[{"embeddable":true,"href":"https:\/\/sibiz.eu\/tr\/wp-json\/wp\/v2\/users\/8"}],"replies":[{"embeddable":true,"href":"https:\/\/sibiz.eu\/tr\/wp-json\/wp\/v2\/comments?post=15706"}],"version-history":[{"count":2,"href":"https:\/\/sibiz.eu\/tr\/wp-json\/wp\/v2\/posts\/15706\/revisions"}],"predecessor-version":[{"id":15708,"href":"https:\/\/sibiz.eu\/tr\/wp-json\/wp\/v2\/posts\/15706\/revisions\/15708"}],"wp:featuredmedia":[{"embeddable":true,"href":"https:\/\/sibiz.eu\/tr\/wp-json\/wp\/v2\/media\/14707"}],"wp:attachment":[{"href":"https:\/\/sibiz.eu\/tr\/wp-json\/wp\/v2\/media?parent=15706"}],"wp:term":[{"taxonomy":"category","embeddable":true,"href":"https:\/\/sibiz.eu\/tr\/wp-json\/wp\/v2\/categories?post=15706"},{"taxonomy":"post_tag","embeddable":true,"href":"https:\/\/sibiz.eu\/tr\/wp-json\/wp\/v2\/tags?post=15706"}],"curies":[{"name":"wp","href":"https:\/\/api.w.org\/{rel}","templated":true}]}}