{"id":15691,"date":"2026-05-01T07:33:08","date_gmt":"2026-05-01T07:33:08","guid":{"rendered":"https:\/\/sibiz.eu\/2026-yilinda-slovenyada-zorunlu-yillik-izin-ve-tatil-ucreti-calisanlar-icin-kapsamli-kilavuz\/"},"modified":"2026-05-01T07:53:23","modified_gmt":"2026-05-01T07:53:23","slug":"2026-yilinda-slovenyada-zorunlu-yillik-izin-ve-tatil-ucreti-calisanlar-icin-kapsamli-kilavuz","status":"publish","type":"post","link":"https:\/\/sibiz.eu\/tr\/2026-yilinda-slovenyada-zorunlu-yillik-izin-ve-tatil-ucreti-calisanlar-icin-kapsamli-kilavuz\/","title":{"rendered":"2026 Y\u0131l\u0131nda Slovenya\u2019da Zorunlu Y\u0131ll\u0131k \u0130zin ve Tatil \u00dccreti: \u00c7al\u0131\u015fanlar \u0130\u00e7in Kapsaml\u0131 K\u0131lavuz"},"content":{"rendered":"\n<figure class=\" wp-block-image eplus-wrapper\"><img decoding=\"async\" src=\"https:\/\/sibiz.eu\/wp-content\/uploads\/2026\/04\/1.jpg\" alt=\"\"\/><\/figure>\n\n<p class=\" eplus-wrapper\"><p>Yabanc\u0131 bir \u00fclkede i\u015f hukukuna uyum sa\u011flamak zorlu bir s\u00fcre\u00e7 olabilir. <strong>Slovenya&#8217;da<\/strong> \u00e7al\u0131\u015fan t\u00fcm <strong>yabanc\u0131 profesyoneller<\/strong>, <strong>i\u015fletme sahipleri<\/strong> ve <strong>yurtd\u0131\u015f\u0131nda ya\u015fayanlar<\/strong> i\u00e7in, <strong>\u0130\u015f \u0130li\u015fkileri Kanunu (ZDR-1)<\/strong>&#8216;i anlamak, sorunsuz bir i\u015f hayat\u0131 s\u00fcrmek a\u00e7\u0131s\u0131ndan hayati \u00f6nem ta\u015f\u0131r.<\/p><\/p>\n\n<p class=\" eplus-wrapper\"><p><strong>Slovenya&#8217;da tatil \u00fccreti zorunludur<\/strong> ve bu kapsaml\u0131 rehber, <strong>y\u0131ll\u0131k izin<\/strong> ile ilgili hak ve y\u00fck\u00fcml\u00fcl\u00fckleriniz ve <strong>2026<\/strong> y\u0131l\u0131 i\u00e7in yerel olarak <strong>&#8220;regres&#8221;<\/strong> olarak bilinen \u00f6deme hakk\u0131nda bilmeniz gereken her \u015feyi ele almaktad\u0131r.<\/p><\/p>\n\n<p class=\" eplus-wrapper\"><p><strong>2026 Y\u0131l\u0131 Tatil \u00d6dene\u011fi (&#8220;regres&#8221;)<\/strong><\/p><\/p>\n\n<p class=\" eplus-wrapper\"><p>Slovenya&#8217;da ge\u00e7erli bir <strong>i\u015f s\u00f6zle\u015fmesi<\/strong> olan her \u00e7al\u0131\u015fan, <strong>tatil \u00f6dene\u011fi<\/strong> almaya hak kazan\u0131r. Slovenya&#8217;da bu zorunlu \u00f6deme, yerel olarak <strong>&#8220;regres&#8221;<\/strong> olarak bilinir ve adland\u0131r\u0131l\u0131r. Bu, y\u0131ll\u0131k izin hakk\u0131n\u0131zla ba\u011flant\u0131l\u0131 bir yasal hakt\u0131r; yani, izin g\u00fcnlerinizin tamam\u0131n\u0131 kullanmam\u0131\u015f olsan\u0131z bile (\u00f6rne\u011fin, uzun s\u00fcreli hastal\u0131k izninde oldu\u011funuz i\u00e7in) bu haktan yararlanma hakk\u0131n\u0131z vard\u0131r.<\/p><\/p>\n<ol class=\" wp-block-list eplus-wrapper eplus-styles-uid-eebee1\">\n<li class=\" eplus-wrapper\"><p><strong>Asgari tutar:<\/strong> <strong>2026<\/strong> y\u0131l\u0131nda asgari tutar <strong>481,88 EUR<\/strong> olarak belirlenecektir (ulusal asgari \u00fccrete e\u015fittir).<\/p><\/li>\n\n\n\n<li class=\" eplus-wrapper\"><p><strong>Orant\u0131l\u0131<\/strong> hak: Takvim y\u0131l\u0131n\u0131n tamam\u0131nda \u00e7al\u0131\u015fmam\u0131\u015fsan\u0131z, <strong>orant\u0131l\u0131 bir tutar<\/strong> (\u00e7al\u0131\u015ft\u0131\u011f\u0131n\u0131z her ay i\u00e7in 1\/12) alma hakk\u0131n\u0131z vard\u0131r.<\/p><\/li>\n\n\n\n<li class=\" eplus-wrapper\"><p><strong>Yar\u0131 zamanl\u0131 \u00e7al\u0131\u015fanlar:<\/strong> Genellikle \u00e7al\u0131\u015ft\u0131klar\u0131 saatlere g\u00f6re orant\u0131l\u0131 bir tutar al\u0131rlar. Ancak, <strong>ebeveyn izni<\/strong>, <strong>engellilik<\/strong> veya <strong>aile i\u00e7i \u015fiddet ma\u011fduru<\/strong> olmalar\u0131 nedeniyle yar\u0131 zamanl\u0131 \u00e7al\u0131\u015fanlar, tam zamanl\u0131 \u00e7al\u0131\u015fanlar gibi <strong>tam tutar\u0131<\/strong> almaya hak kazan\u0131rlar.<\/p><\/li>\n\n\n\n<li class=\" eplus-wrapper\"><p><strong>\u00d6deme Son Tarihi:<\/strong> \u0130\u015fverenler, <strong>&#8220;regres&#8221;<\/strong> tutar\u0131n\u0131 <strong>1 Temmuz 2026<\/strong> tarihine kadar \u00f6demek zorundad\u0131r. Ciddi likidite s\u0131k\u0131nt\u0131s\u0131 ya\u015fanmas\u0131 durumunda, bu s\u00fcre <strong>1 Kas\u0131m 2026<\/strong> tarihine kadar uzat\u0131labilir; ancak bu, yaln\u0131zca sekt\u00f6r\u00fcn toplu i\u015f s\u00f6zle\u015fmesinin b\u00f6yle bir uzatmaya izin vermesi halinde m\u00fcmk\u00fcnd\u00fcr.<\/p><\/li>\n<\/ol>\n<p class=\" eplus-wrapper\"><p><strong>Y\u0131ll\u0131k \u0130zin (&#8220;Y\u0131ll\u0131k \u0130zin&#8221;)<\/strong><\/p><\/p>\n\n<p class=\" eplus-wrapper\"><p><strong>\u00dccretli izin<\/strong> hakk\u0131 temel bir hakt\u0131r ve bu haktan feragat edilemez. H\u00e2l\u00e2 \u00e7al\u0131\u015f\u0131yorken izin g\u00fcnlerinizi para kar\u015f\u0131l\u0131\u011f\u0131nda &#8220;satamazs\u0131n\u0131z&#8221;; b\u00f6yle bir anla\u015fma hukuken ge\u00e7ersizdir.<\/p><\/p>\n<ul class=\" wp-block-list eplus-wrapper eplus-styles-uid-b5a15a\">\n<li class=\" eplus-wrapper\"><p><strong>Asgari s\u00fcre:<\/strong> Y\u0131lda en az <strong>4 hafta<\/strong>. Standart 5 g\u00fcnl\u00fck bir \u00e7al\u0131\u015fma haftas\u0131 i\u00e7in bu s\u00fcre <strong>20 g\u00fcn<\/strong>&#8216;d\u00fcr.<\/p><\/li>\n\n\n\n<li class=\" eplus-wrapper\"><p>Ek <strong>g\u00fcnler:<\/strong> Belirli kriterlere g\u00f6re ek g\u00fcnlerden yararlanma hakk\u0131n\u0131z olabilir:<\/p><\/li>\n\n\n\n<li class=\" eplus-wrapper\"><p><strong>Ya\u015fl\u0131 \u00e7al\u0131\u015fanlar<\/strong> (55 ya\u015f \u00fcst\u00fc): +3 g\u00fcn.<\/p><\/li>\n\n\n\n<li class=\" eplus-wrapper\"><p><strong style=\"color: initial;\">Parents<\/strong><span style=\"color: initial;\">with children under 15: +1 day per child.<\/span><\/p><\/li>\n\n\n\n<li class=\" eplus-wrapper\"><p>Engelli ki\u015filer veya fiziksel engellilik oran\u0131 %60 olanlar: +3 g\u00fcn.<\/p><\/li>\n\n\n\n<li class=\" eplus-wrapper\"><p><strong>Engelli ki\u015filer<\/strong> veya %60 fiziksel engelli ki\u015filer: +3 g\u00fcn.<\/p><\/li>\n\n\n\n<li class=\" eplus-wrapper\"><p>\u0130zin Planlamas\u0131<strong>:<\/strong>\u0130zin, \u00e7al\u0131\u015fan ile i\u015fveren aras\u0131ndaki mutabakatla verilir. Ancak, en az<strong>iki haftal\u0131k kesintisiz bir s\u00fcre<\/strong>izin alabilmeniz gerekir.<\/p><\/li>\n<\/ul>\n<p class=\" eplus-wrapper\"><p><strong>Geli\u015fmi\u015f S\u0131k Sorulan Sorular (SSS)<\/strong><\/p><\/p>\n\n<p class=\" eplus-wrapper\"><p><strong>&#8220;Geri \u00f6deme&#8221; hakk\u0131na tam olarak kimler sahiptir?<\/strong> Her \u00e7al\u0131\u015fan bu hakka sahiptir. Bu hak, i\u015f s\u00f6zle\u015fmesinin imzalanmas\u0131yla birlikte otomatik olarak kazan\u0131l\u0131r. T\u00fcm y\u0131l boyunca hastal\u0131k izni veya ebeveyn izninde olsan\u0131z bile, hem izin hem de ikramiye hakk\u0131n\u0131z\u0131 korursunuz.<\/p><\/p>\n\n<p class=\" eplus-wrapper\"><p><strong>Yar\u0131 zamanl\u0131 \u00e7al\u0131\u015f\u0131yorsam &#8220;regres&#8221; nas\u0131l hesaplan\u0131r?<\/strong> Genellikle \u00e7al\u0131\u015ft\u0131\u011f\u0131n\u0131z saatlerle orant\u0131l\u0131d\u0131r. \u00d6rne\u011fin, haftada 20 saat (y\u00fczde 50) \u00e7al\u0131\u015f\u0131yorsan\u0131z, yard\u0131m\u0131n y\u00fczde 50&#8217;sini al\u0131rs\u0131n\u0131z. <strong>\u0130stisna:<\/strong> Emeklilik\/maluliyet, sa\u011fl\u0131k sigortas\u0131 veya ebeveyn izni kurallar\u0131 nedeniyle yar\u0131 zamanl\u0131 \u00e7al\u0131\u015f\u0131yorsan\u0131z, <strong>tam tutara<\/strong> hak kazan\u0131rs\u0131n\u0131z.<\/p><\/p>\n\n<p class=\" eplus-wrapper\"><p><strong>Kullan\u0131lmayan izinlerimi 2027 y\u0131l\u0131na devredebilir miyim?<\/strong> Evet. 2026 y\u0131l\u0131 sonuna kadar en az iki haftal\u0131k izni kullanman\u0131z gerekir. Kalan izinler devredilebilir ve <strong>30 Haziran 2027<\/strong> tarihine kadar kullan\u0131labilir. <strong>\u00d6nemli:<\/strong> Hastal\u0131k, yaralanma veya ebeveyn izni nedeniyle izninizi kullanamad\u0131ysan\u0131z, izninizi <strong>transfer y\u0131l\u0131n\u0131 takip eden y\u0131l\u0131n 31 Mart tarihine kadar<\/strong> (15 ayl\u0131k bir s\u00fcre) devredebilirsiniz.<\/p><\/p>\n\n<p class=\" eplus-wrapper\"><p><strong>\u0130\u015fverenim izinimi ne zaman kullanaca\u011f\u0131ma karar verebilir mi?<\/strong> Zamanlama kar\u015f\u0131l\u0131kl\u0131 anla\u015fma ile belirlenir. \u0130\u015fveren, i\u015f s\u00fcrecinin gerekliliklerinin yan\u0131 s\u0131ra sizin ihtiya\u00e7lar\u0131n\u0131z\u0131 (ailevi y\u00fck\u00fcml\u00fcl\u00fckler, dinlenme) da dikkate almak zorundad\u0131r. Okul \u00e7a\u011f\u0131ndaki \u00e7ocuklar\u0131 olan ebeveynlerin, okul tatillerinde en az <strong>bir hafta izin kullanma konusunda \u00f6zel bir hakk\u0131 vard\u0131r<\/strong>.<\/p><\/p>\n\n<p class=\" eplus-wrapper\"><p><strong>&#8220;Se\u00e7im hakk\u0131 g\u00fcn\u00fc&#8221; nedir?<\/strong> Her \u00e7al\u0131\u015fan, kendi se\u00e7ti\u011fi bir g\u00fcnde y\u0131ll\u0131k izin kullanma hakk\u0131na sahiptir. \u0130\u015fvereninize en az <strong>3 g\u00fcn<\/strong> \u00f6nceden haber vermelisiniz. \u0130\u015fvereniniz, yoklu\u011funuzun i\u015f ak\u0131\u015f\u0131n\u0131 ciddi \u015fekilde tehlikeye atmas\u0131 durumunda bu talebi reddedebilir.<\/p><\/p>\n\n<p class=\" eplus-wrapper\"><p><strong>\u0130zinimi saat baz\u0131nda kullanabilir miyim (\u00f6rne\u011fin bug\u00fcn 2 saat, yar\u0131n 6 saat)?<\/strong> Hay\u0131r. Y\u0131ll\u0131k izin, <strong>tam i\u015f g\u00fcn\u00fc<\/strong> baz\u0131nda hesaplan\u0131r ve kullan\u0131l\u0131r. Alabilece\u011finiz en k\u00fc\u00e7\u00fck zaman birimi tam bir g\u00fcnd\u00fcr.<\/p><\/p>\n\n<p class=\" eplus-wrapper\"><p><strong>\u0130\u015fverenim beni tatilden geri \u00e7a\u011f\u0131rabilir mi?<\/strong> Genellikle hay\u0131r. Tatiliniz dinlenmek ve rahatlamak i\u00e7indir. Geri \u00e7a\u011f\u0131rma, yaln\u0131zca ola\u011fan\u00fcst\u00fc ve \u00f6ng\u00f6r\u00fclemeyen durumlarda m\u00fcmk\u00fcnd\u00fcr ve genellikle kar\u015f\u0131l\u0131kl\u0131 mutabakat gerektirir.<\/p><\/p>\n\n<p class=\" eplus-wrapper\"><p><strong>&#8220;Ba\u011flant\u0131y\u0131 kesme hakk\u0131&#8221; nedir?<\/strong> Slovenya yasalar\u0131, \u00e7al\u0131\u015fanlar\u0131n \u00e7al\u0131\u015fma saatleri d\u0131\u015f\u0131nda i\u015fverenlerine ula\u015f\u0131labilir durumda olmalar\u0131n\u0131n zorunlu olmad\u0131\u011f\u0131n\u0131 garanti eder. Bu, tatildeyken i\u015f ile ilgili aramalara veya e-postalara cevap vermek zorunda olmad\u0131\u011f\u0131n\u0131z ve bunu yapt\u0131\u011f\u0131n\u0131z i\u00e7in herhangi bir yapt\u0131r\u0131ma maruz kalmayaca\u011f\u0131n\u0131z anlam\u0131na gelir.<\/p><\/p>\n\n<p class=\" eplus-wrapper\"><p><strong>&#8220;Y\u0131ll\u0131k izin&#8221; d\u0131\u015f\u0131nda ba\u015fka \u00fccretli izin t\u00fcrleri var m\u0131?<\/strong> Evet. <strong>Ki\u015fisel Durumlar Nedeniyle \u00dccretli \u0130zin<\/strong> (y\u0131lda en fazla 7 g\u00fcn) hakk\u0131n\u0131z bulunmaktad\u0131r. Buna \u015funlar dahildir<\/p><\/p>\n<ol class=\" wp-block-list eplus-wrapper eplus-styles-uid-8657b5\">\n<li class=\" eplus-wrapper\">Kendi d\u00fc\u011f\u00fcn\u00fcn\u00fcz (en az 1 g\u00fcn).<\/li>\n\n\n\n<li class=\" eplus-wrapper\">E\u015fin, \u00e7ocu\u011fun veya ebeveynin vefat\u0131 (en az 1 g\u00fcn).<\/li>\n\n\n\n<li class=\" eplus-wrapper\">Ciddi kaza (en az 1 g\u00fcn).<\/li>\n\n\n\n<li class=\" eplus-wrapper\">Birinci s\u0131n\u0131f \u00f6\u011frencisini okulun ilk g\u00fcn\u00fcnde okula g\u00f6t\u00fcrmek (1 g\u00fcn).<\/li>\n<\/ol>\n<p class=\" eplus-wrapper\"><p><strong>&#8220;Regres&#8221; \u00f6demesi fazla al\u0131nm\u0131\u015fsa veya izin hakk\u0131mdan fazlas\u0131n\u0131 kullanm\u0131\u015fsam ne olur?<\/strong> Bir \u015firketten ayr\u0131ld\u0131\u011f\u0131n\u0131zda, &#8220;regres&#8221; \u00f6demesinin fazla yap\u0131ld\u0131\u011f\u0131 veya hak etti\u011finizden fazla izin kulland\u0131\u011f\u0131n\u0131z (orant\u0131l\u0131 olarak) tespit edilirse, i\u015fveren (yaz\u0131l\u0131 r\u0131zan\u0131zla) son maa\u015f\u0131n\u0131zdan bu tutar\u0131n iadesini talep edebilir veya bu tutar\u0131 maa\u015f\u0131n\u0131zdan mahsup edebilir.<\/p><\/p>\n\n<p class=\" eplus-wrapper\"><p><strong>Ya haklar\u0131n\u0131z ihlal edilirse?<\/strong><\/p><\/p>\n\n<p class=\" eplus-wrapper\"><p>\u0130\u015fvereniniz size <strong>&#8220;regres&#8221;<\/strong> \u00f6demesini yapmazsa veya <strong>y\u0131ll\u0131k izin<\/strong> vermezse, birka\u00e7 se\u00e7ene\u011finiz vard\u0131r:<\/p><\/p>\n<ol class=\" wp-block-list eplus-wrapper eplus-styles-uid-ce9422\">\n<li class=\" eplus-wrapper\"><p><strong>Resmi talep:<\/strong> \u0130\u015fverene, ihlali 8 i\u015f g\u00fcn\u00fc i\u00e7inde gidermesi i\u00e7in yaz\u0131l\u0131 bir talep g\u00f6nderin.<\/p><\/li>\n\n\n\n<li class=\" eplus-wrapper\"><p><strong>\u00c7al\u0131\u015fma M\u00fcfetti\u015fli\u011fi:<\/strong> <strong>Slovenya Cumhuriyeti \u00c7al\u0131\u015fma M\u00fcfetti\u015fli\u011fi<\/strong> (<strong>IRSD<\/strong> &#8211; In\u0161pektorat RS za delo) ile ileti\u015fime ge\u00e7in. \u0130hbar\u0131n\u0131z\u0131 isimsiz olarak yapabilirsiniz.<\/p><\/li>\n\n\n\n<li class=\" eplus-wrapper\"><p><strong>\u0130\u015f Mahkemesi:<\/strong> Dava a\u00e7\u0131n. \u00d6denmemi\u015f <strong>&#8220;regres&#8221;<\/strong> gibi maddi taleplerin <strong>5 y\u0131l<\/strong> sonra zaman a\u015f\u0131m\u0131na u\u011frad\u0131\u011f\u0131n\u0131 unutmay\u0131n.<\/p><\/li>\n<\/ol>\n<p class=\" eplus-wrapper\"><p>Vergiyle ilgili sorular\u0131n\u0131z i\u00e7in l\u00fctfen <strong>Slovenya Cumhuriyeti Mali \u0130daresi<\/strong> (<strong>FURS<\/strong> &#8211; Finan\u010dna uprava Republike Slovenije) ile ileti\u015fime ge\u00e7iniz.<\/p><\/p>\n\n<p class=\" eplus-wrapper\"><p><strong>Hakk\u0131m\u0131zda<\/strong><\/p><\/p>\n\n<p class=\" eplus-wrapper\"><p><strong>SIBIZ<\/strong>, Slovenya&#8217;da faaliyetlerini kurmak veya y\u00f6netmek isteyen <strong>i\u015f profesyonellerine<\/strong>, <strong>kurumsal m\u00fc\u015fterilere<\/strong> ve <strong>bireylere<\/strong> birinci s\u0131n\u0131f destek sunmaktad\u0131r. \u0130\u015f ama\u00e7l\u0131 g\u00f6\u00e7, hukuki dan\u0131\u015fmanl\u0131k ve idari destek alanlar\u0131nda uzmanla\u015fm\u0131\u015f olarak, ge\u00e7i\u015f s\u00fcrecinizin ve faaliyetlerinizin sorunsuz bir \u015fekilde ger\u00e7ekle\u015fmesini sa\u011fl\u0131yoruz.<\/p><\/p>\n\n<p class=\" eplus-wrapper\"><p><strong>Daha fazla bilgi i\u00e7in: <\/strong><a href=\"http:\/\/www.sibiz.eu\"><strong>www.sibiz.eu<\/strong><\/a><\/p><\/p>\n<ul class=\" wp-block-list eplus-wrapper eplus-styles-uid-f2b3ec\">\n<li class=\" eplus-wrapper\">\n<\/ul>\n<p class=\" eplus-wrapper\"><\/p>\n","protected":false},"excerpt":{"rendered":"<p>Yabanc\u0131 bir \u00fclkede i\u015f hukukuna uyum sa\u011flamak zorlu bir s\u00fcre\u00e7 olabilir. Slovenya&#8217;da \u00e7al\u0131\u015fan t\u00fcm yabanc\u0131 profesyoneller, i\u015fletme sahipleri ve yurtd\u0131\u015f\u0131nda ya\u015fayanlar i\u00e7in, \u0130\u015f \u0130li\u015fkileri Kanunu (ZDR-1)&#8216;i anlamak, sorunsuz bir i\u015f hayat\u0131 s\u00fcrmek a\u00e7\u0131s\u0131ndan hayati \u00f6nem ta\u015f\u0131r. Slovenya&#8217;da tatil \u00fccreti zorunludur ve bu kapsaml\u0131 rehber, y\u0131ll\u0131k izin ile ilgili hak ve y\u00fck\u00fcml\u00fcl\u00fckleriniz ve 2026 y\u0131l\u0131 i\u00e7in [&hellip;]<\/p>\n","protected":false},"author":8,"featured_media":15551,"comment_status":"closed","ping_status":"closed","sticky":false,"template":"","format":"standard","meta":{"_acf_changed":false,"_editorskit_title_hidden":false,"_editorskit_reading_time":0,"_editorskit_is_block_options_detached":false,"_editorskit_block_options_position":"{}","editor_plus_copied_stylings":"{}","footnotes":""},"categories":[1033,1029,1034,1037,1039,1030],"tags":[40,30,32,53],"class_list":["post-15691","post","type-post","status-publish","format-standard","has-post-thumbnail","hentry","category-blog-tr","category-haberler","category-kultur","category-mevzuat","category-slovenyada-istihda","category-slovenyada-yasam","tag-business-in-slovenia","tag-labour","tag-life-in-slovenia-2","tag-work-in-slovenia"],"acf":[],"yoast_head":"<!-- This site is optimized with the Yoast SEO plugin v27.4 - https:\/\/yoast.com\/product\/yoast-seo-wordpress\/ -->\n<title>2026 Y\u0131l\u0131nda Slovenya\u2019da Zorunlu Y\u0131ll\u0131k \u0130zin ve Tatil \u00dccreti: \u00c7al\u0131\u015fanlar \u0130\u00e7in Kapsaml\u0131 K\u0131lavuz - Sibiz d.o.o.<\/title>\n<meta name=\"robots\" content=\"index, follow, max-snippet:-1, max-image-preview:large, max-video-preview:-1\" \/>\n<link rel=\"canonical\" href=\"https:\/\/sibiz.eu\/tr\/2026-yilinda-slovenyada-zorunlu-yillik-izin-ve-tatil-ucreti-calisanlar-icin-kapsamli-kilavuz\/\" \/>\n<meta property=\"og:locale\" content=\"tr_TR\" \/>\n<meta property=\"og:type\" content=\"article\" \/>\n<meta property=\"og:title\" content=\"2026 Y\u0131l\u0131nda Slovenya\u2019da Zorunlu Y\u0131ll\u0131k \u0130zin ve Tatil \u00dccreti: \u00c7al\u0131\u015fanlar \u0130\u00e7in Kapsaml\u0131 K\u0131lavuz - Sibiz d.o.o.\" \/>\n<meta property=\"og:description\" content=\"Yabanc\u0131 bir \u00fclkede i\u015f hukukuna uyum sa\u011flamak zorlu bir s\u00fcre\u00e7 olabilir. Slovenya&#8217;da \u00e7al\u0131\u015fan t\u00fcm yabanc\u0131 profesyoneller, i\u015fletme sahipleri ve yurtd\u0131\u015f\u0131nda ya\u015fayanlar i\u00e7in, \u0130\u015f \u0130li\u015fkileri Kanunu (ZDR-1)&#8216;i anlamak, sorunsuz bir i\u015f hayat\u0131 s\u00fcrmek a\u00e7\u0131s\u0131ndan hayati \u00f6nem ta\u015f\u0131r. Slovenya&#8217;da tatil \u00fccreti zorunludur ve bu kapsaml\u0131 rehber, y\u0131ll\u0131k izin ile ilgili hak ve y\u00fck\u00fcml\u00fcl\u00fckleriniz ve 2026 y\u0131l\u0131 i\u00e7in [&hellip;]\" \/>\n<meta property=\"og:url\" content=\"https:\/\/sibiz.eu\/tr\/2026-yilinda-slovenyada-zorunlu-yillik-izin-ve-tatil-ucreti-calisanlar-icin-kapsamli-kilavuz\/\" \/>\n<meta property=\"og:site_name\" content=\"Sibiz d.o.o.\" \/>\n<meta property=\"article:published_time\" content=\"2026-05-01T07:33:08+00:00\" \/>\n<meta property=\"article:modified_time\" content=\"2026-05-01T07:53:23+00:00\" \/>\n<meta property=\"og:image\" content=\"https:\/\/sibiz.eu\/wp-content\/uploads\/2026\/04\/1.jpg\" \/>\n\t<meta property=\"og:image:width\" content=\"1910\" \/>\n\t<meta property=\"og:image:height\" content=\"1275\" \/>\n\t<meta property=\"og:image:type\" content=\"image\/jpeg\" \/>\n<meta name=\"author\" content=\"Eymen Erakkaya\" \/>\n<meta name=\"twitter:card\" content=\"summary_large_image\" \/>\n<meta name=\"twitter:label1\" content=\"Yazan:\" \/>\n\t<meta name=\"twitter:data1\" content=\"Eymen Erakkaya\" \/>\n\t<meta name=\"twitter:label2\" content=\"Tahmini okuma s\u00fcresi\" \/>\n\t<meta name=\"twitter:data2\" content=\"6 dakika\" \/>\n<script type=\"application\/ld+json\" class=\"yoast-schema-graph\">{\"@context\":\"https:\\\/\\\/schema.org\",\"@graph\":[{\"@type\":\"Article\",\"@id\":\"https:\\\/\\\/sibiz.eu\\\/tr\\\/2026-yilinda-slovenyada-zorunlu-yillik-izin-ve-tatil-ucreti-calisanlar-icin-kapsamli-kilavuz\\\/#article\",\"isPartOf\":{\"@id\":\"https:\\\/\\\/sibiz.eu\\\/tr\\\/2026-yilinda-slovenyada-zorunlu-yillik-izin-ve-tatil-ucreti-calisanlar-icin-kapsamli-kilavuz\\\/\"},\"author\":{\"name\":\"Eymen Erakkaya\",\"@id\":\"https:\\\/\\\/sibiz.eu\\\/tr\\\/#\\\/schema\\\/person\\\/70bdc0ba03615188934639f9ddc6e880\"},\"headline\":\"2026 Y\u0131l\u0131nda Slovenya\u2019da Zorunlu Y\u0131ll\u0131k \u0130zin ve Tatil \u00dccreti: \u00c7al\u0131\u015fanlar \u0130\u00e7in Kapsaml\u0131 K\u0131lavuz\",\"datePublished\":\"2026-05-01T07:33:08+00:00\",\"dateModified\":\"2026-05-01T07:53:23+00:00\",\"mainEntityOfPage\":{\"@id\":\"https:\\\/\\\/sibiz.eu\\\/tr\\\/2026-yilinda-slovenyada-zorunlu-yillik-izin-ve-tatil-ucreti-calisanlar-icin-kapsamli-kilavuz\\\/\"},\"wordCount\":1245,\"publisher\":{\"@id\":\"https:\\\/\\\/sibiz.eu\\\/tr\\\/#organization\"},\"image\":{\"@id\":\"https:\\\/\\\/sibiz.eu\\\/tr\\\/2026-yilinda-slovenyada-zorunlu-yillik-izin-ve-tatil-ucreti-calisanlar-icin-kapsamli-kilavuz\\\/#primaryimage\"},\"thumbnailUrl\":\"https:\\\/\\\/sibiz.eu\\\/wp-content\\\/uploads\\\/2026\\\/04\\\/1.jpg\",\"keywords\":[\"business in Slovenia\",\"labour\",\"life in Slovenia\",\"Work in Slovenia\"],\"articleSection\":[\"BLOG\",\"HABERLER\",\"K\u00fclt\u00fcr\",\"Mevzuat\",\"Slovenya'da \u0130stihda\",\"Slovenya'da Ya\u015fam\"],\"inLanguage\":\"tr\"},{\"@type\":\"WebPage\",\"@id\":\"https:\\\/\\\/sibiz.eu\\\/tr\\\/2026-yilinda-slovenyada-zorunlu-yillik-izin-ve-tatil-ucreti-calisanlar-icin-kapsamli-kilavuz\\\/\",\"url\":\"https:\\\/\\\/sibiz.eu\\\/tr\\\/2026-yilinda-slovenyada-zorunlu-yillik-izin-ve-tatil-ucreti-calisanlar-icin-kapsamli-kilavuz\\\/\",\"name\":\"2026 Y\u0131l\u0131nda Slovenya\u2019da Zorunlu Y\u0131ll\u0131k \u0130zin ve Tatil \u00dccreti: \u00c7al\u0131\u015fanlar \u0130\u00e7in Kapsaml\u0131 K\u0131lavuz - Sibiz d.o.o.\",\"isPartOf\":{\"@id\":\"https:\\\/\\\/sibiz.eu\\\/tr\\\/#website\"},\"primaryImageOfPage\":{\"@id\":\"https:\\\/\\\/sibiz.eu\\\/tr\\\/2026-yilinda-slovenyada-zorunlu-yillik-izin-ve-tatil-ucreti-calisanlar-icin-kapsamli-kilavuz\\\/#primaryimage\"},\"image\":{\"@id\":\"https:\\\/\\\/sibiz.eu\\\/tr\\\/2026-yilinda-slovenyada-zorunlu-yillik-izin-ve-tatil-ucreti-calisanlar-icin-kapsamli-kilavuz\\\/#primaryimage\"},\"thumbnailUrl\":\"https:\\\/\\\/sibiz.eu\\\/wp-content\\\/uploads\\\/2026\\\/04\\\/1.jpg\",\"datePublished\":\"2026-05-01T07:33:08+00:00\",\"dateModified\":\"2026-05-01T07:53:23+00:00\",\"breadcrumb\":{\"@id\":\"https:\\\/\\\/sibiz.eu\\\/tr\\\/2026-yilinda-slovenyada-zorunlu-yillik-izin-ve-tatil-ucreti-calisanlar-icin-kapsamli-kilavuz\\\/#breadcrumb\"},\"inLanguage\":\"tr\",\"potentialAction\":[{\"@type\":\"ReadAction\",\"target\":[\"https:\\\/\\\/sibiz.eu\\\/tr\\\/2026-yilinda-slovenyada-zorunlu-yillik-izin-ve-tatil-ucreti-calisanlar-icin-kapsamli-kilavuz\\\/\"]}]},{\"@type\":\"ImageObject\",\"inLanguage\":\"tr\",\"@id\":\"https:\\\/\\\/sibiz.eu\\\/tr\\\/2026-yilinda-slovenyada-zorunlu-yillik-izin-ve-tatil-ucreti-calisanlar-icin-kapsamli-kilavuz\\\/#primaryimage\",\"url\":\"https:\\\/\\\/sibiz.eu\\\/wp-content\\\/uploads\\\/2026\\\/04\\\/1.jpg\",\"contentUrl\":\"https:\\\/\\\/sibiz.eu\\\/wp-content\\\/uploads\\\/2026\\\/04\\\/1.jpg\",\"width\":1910,\"height\":1275},{\"@type\":\"BreadcrumbList\",\"@id\":\"https:\\\/\\\/sibiz.eu\\\/tr\\\/2026-yilinda-slovenyada-zorunlu-yillik-izin-ve-tatil-ucreti-calisanlar-icin-kapsamli-kilavuz\\\/#breadcrumb\",\"itemListElement\":[{\"@type\":\"ListItem\",\"position\":1,\"name\":\"Home\",\"item\":\"https:\\\/\\\/sibiz.eu\\\/tr\\\/\"},{\"@type\":\"ListItem\",\"position\":2,\"name\":\"2026 Y\u0131l\u0131nda Slovenya\u2019da Zorunlu Y\u0131ll\u0131k \u0130zin ve Tatil \u00dccreti: \u00c7al\u0131\u015fanlar \u0130\u00e7in Kapsaml\u0131 K\u0131lavuz\"}]},{\"@type\":\"WebSite\",\"@id\":\"https:\\\/\\\/sibiz.eu\\\/tr\\\/#website\",\"url\":\"https:\\\/\\\/sibiz.eu\\\/tr\\\/\",\"name\":\"Sibiz d.o.o.\",\"description\":\"Sibiz d.o.o. is a premier provider of advanced ASIC, FPGA, Firmware and Software design services and is actively developing soft IP Cores, high-performance processors, data-communication network processors and switches used as infrastructure blocks in building complex SoC products for communications and a variety of embedded applications.\",\"publisher\":{\"@id\":\"https:\\\/\\\/sibiz.eu\\\/tr\\\/#organization\"},\"potentialAction\":[{\"@type\":\"SearchAction\",\"target\":{\"@type\":\"EntryPoint\",\"urlTemplate\":\"https:\\\/\\\/sibiz.eu\\\/tr\\\/?s={search_term_string}\"},\"query-input\":{\"@type\":\"PropertyValueSpecification\",\"valueRequired\":true,\"valueName\":\"search_term_string\"}}],\"inLanguage\":\"tr\"},{\"@type\":\"Organization\",\"@id\":\"https:\\\/\\\/sibiz.eu\\\/tr\\\/#organization\",\"name\":\"Sibiz d.o.o.\",\"url\":\"https:\\\/\\\/sibiz.eu\\\/tr\\\/\",\"logo\":{\"@type\":\"ImageObject\",\"inLanguage\":\"tr\",\"@id\":\"https:\\\/\\\/sibiz.eu\\\/tr\\\/#\\\/schema\\\/logo\\\/image\\\/\",\"url\":\"https:\\\/\\\/sibiz.eu\\\/wp-content\\\/uploads\\\/2024\\\/07\\\/cropped-favicon_sibiz.png\",\"contentUrl\":\"https:\\\/\\\/sibiz.eu\\\/wp-content\\\/uploads\\\/2024\\\/07\\\/cropped-favicon_sibiz.png\",\"width\":512,\"height\":512,\"caption\":\"Sibiz d.o.o.\"},\"image\":{\"@id\":\"https:\\\/\\\/sibiz.eu\\\/tr\\\/#\\\/schema\\\/logo\\\/image\\\/\"}},{\"@type\":\"Person\",\"@id\":\"https:\\\/\\\/sibiz.eu\\\/tr\\\/#\\\/schema\\\/person\\\/70bdc0ba03615188934639f9ddc6e880\",\"name\":\"Eymen Erakkaya\",\"url\":\"https:\\\/\\\/sibiz.eu\\\/tr\\\/author\\\/eymene\\\/\"}]}<\/script>\n<!-- \/ Yoast SEO plugin. -->","yoast_head_json":{"title":"2026 Y\u0131l\u0131nda Slovenya\u2019da Zorunlu Y\u0131ll\u0131k \u0130zin ve Tatil \u00dccreti: \u00c7al\u0131\u015fanlar \u0130\u00e7in Kapsaml\u0131 K\u0131lavuz - Sibiz d.o.o.","robots":{"index":"index","follow":"follow","max-snippet":"max-snippet:-1","max-image-preview":"max-image-preview:large","max-video-preview":"max-video-preview:-1"},"canonical":"https:\/\/sibiz.eu\/tr\/2026-yilinda-slovenyada-zorunlu-yillik-izin-ve-tatil-ucreti-calisanlar-icin-kapsamli-kilavuz\/","og_locale":"tr_TR","og_type":"article","og_title":"2026 Y\u0131l\u0131nda Slovenya\u2019da Zorunlu Y\u0131ll\u0131k \u0130zin ve Tatil \u00dccreti: \u00c7al\u0131\u015fanlar \u0130\u00e7in Kapsaml\u0131 K\u0131lavuz - Sibiz d.o.o.","og_description":"Yabanc\u0131 bir \u00fclkede i\u015f hukukuna uyum sa\u011flamak zorlu bir s\u00fcre\u00e7 olabilir. Slovenya&#8217;da \u00e7al\u0131\u015fan t\u00fcm yabanc\u0131 profesyoneller, i\u015fletme sahipleri ve yurtd\u0131\u015f\u0131nda ya\u015fayanlar i\u00e7in, \u0130\u015f \u0130li\u015fkileri Kanunu (ZDR-1)&#8216;i anlamak, sorunsuz bir i\u015f hayat\u0131 s\u00fcrmek a\u00e7\u0131s\u0131ndan hayati \u00f6nem ta\u015f\u0131r. Slovenya&#8217;da tatil \u00fccreti zorunludur ve bu kapsaml\u0131 rehber, y\u0131ll\u0131k izin ile ilgili hak ve y\u00fck\u00fcml\u00fcl\u00fckleriniz ve 2026 y\u0131l\u0131 i\u00e7in [&hellip;]","og_url":"https:\/\/sibiz.eu\/tr\/2026-yilinda-slovenyada-zorunlu-yillik-izin-ve-tatil-ucreti-calisanlar-icin-kapsamli-kilavuz\/","og_site_name":"Sibiz d.o.o.","article_published_time":"2026-05-01T07:33:08+00:00","article_modified_time":"2026-05-01T07:53:23+00:00","og_image":[{"width":1910,"height":1275,"url":"https:\/\/sibiz.eu\/wp-content\/uploads\/2026\/04\/1.jpg","type":"image\/jpeg"}],"author":"Eymen Erakkaya","twitter_card":"summary_large_image","twitter_misc":{"Yazan:":"Eymen Erakkaya","Tahmini okuma s\u00fcresi":"6 dakika"},"schema":{"@context":"https:\/\/schema.org","@graph":[{"@type":"Article","@id":"https:\/\/sibiz.eu\/tr\/2026-yilinda-slovenyada-zorunlu-yillik-izin-ve-tatil-ucreti-calisanlar-icin-kapsamli-kilavuz\/#article","isPartOf":{"@id":"https:\/\/sibiz.eu\/tr\/2026-yilinda-slovenyada-zorunlu-yillik-izin-ve-tatil-ucreti-calisanlar-icin-kapsamli-kilavuz\/"},"author":{"name":"Eymen Erakkaya","@id":"https:\/\/sibiz.eu\/tr\/#\/schema\/person\/70bdc0ba03615188934639f9ddc6e880"},"headline":"2026 Y\u0131l\u0131nda Slovenya\u2019da Zorunlu Y\u0131ll\u0131k \u0130zin ve Tatil \u00dccreti: \u00c7al\u0131\u015fanlar \u0130\u00e7in Kapsaml\u0131 K\u0131lavuz","datePublished":"2026-05-01T07:33:08+00:00","dateModified":"2026-05-01T07:53:23+00:00","mainEntityOfPage":{"@id":"https:\/\/sibiz.eu\/tr\/2026-yilinda-slovenyada-zorunlu-yillik-izin-ve-tatil-ucreti-calisanlar-icin-kapsamli-kilavuz\/"},"wordCount":1245,"publisher":{"@id":"https:\/\/sibiz.eu\/tr\/#organization"},"image":{"@id":"https:\/\/sibiz.eu\/tr\/2026-yilinda-slovenyada-zorunlu-yillik-izin-ve-tatil-ucreti-calisanlar-icin-kapsamli-kilavuz\/#primaryimage"},"thumbnailUrl":"https:\/\/sibiz.eu\/wp-content\/uploads\/2026\/04\/1.jpg","keywords":["business in Slovenia","labour","life in Slovenia","Work in Slovenia"],"articleSection":["BLOG","HABERLER","K\u00fclt\u00fcr","Mevzuat","Slovenya'da \u0130stihda","Slovenya'da Ya\u015fam"],"inLanguage":"tr"},{"@type":"WebPage","@id":"https:\/\/sibiz.eu\/tr\/2026-yilinda-slovenyada-zorunlu-yillik-izin-ve-tatil-ucreti-calisanlar-icin-kapsamli-kilavuz\/","url":"https:\/\/sibiz.eu\/tr\/2026-yilinda-slovenyada-zorunlu-yillik-izin-ve-tatil-ucreti-calisanlar-icin-kapsamli-kilavuz\/","name":"2026 Y\u0131l\u0131nda Slovenya\u2019da Zorunlu Y\u0131ll\u0131k \u0130zin ve Tatil \u00dccreti: \u00c7al\u0131\u015fanlar \u0130\u00e7in Kapsaml\u0131 K\u0131lavuz - Sibiz d.o.o.","isPartOf":{"@id":"https:\/\/sibiz.eu\/tr\/#website"},"primaryImageOfPage":{"@id":"https:\/\/sibiz.eu\/tr\/2026-yilinda-slovenyada-zorunlu-yillik-izin-ve-tatil-ucreti-calisanlar-icin-kapsamli-kilavuz\/#primaryimage"},"image":{"@id":"https:\/\/sibiz.eu\/tr\/2026-yilinda-slovenyada-zorunlu-yillik-izin-ve-tatil-ucreti-calisanlar-icin-kapsamli-kilavuz\/#primaryimage"},"thumbnailUrl":"https:\/\/sibiz.eu\/wp-content\/uploads\/2026\/04\/1.jpg","datePublished":"2026-05-01T07:33:08+00:00","dateModified":"2026-05-01T07:53:23+00:00","breadcrumb":{"@id":"https:\/\/sibiz.eu\/tr\/2026-yilinda-slovenyada-zorunlu-yillik-izin-ve-tatil-ucreti-calisanlar-icin-kapsamli-kilavuz\/#breadcrumb"},"inLanguage":"tr","potentialAction":[{"@type":"ReadAction","target":["https:\/\/sibiz.eu\/tr\/2026-yilinda-slovenyada-zorunlu-yillik-izin-ve-tatil-ucreti-calisanlar-icin-kapsamli-kilavuz\/"]}]},{"@type":"ImageObject","inLanguage":"tr","@id":"https:\/\/sibiz.eu\/tr\/2026-yilinda-slovenyada-zorunlu-yillik-izin-ve-tatil-ucreti-calisanlar-icin-kapsamli-kilavuz\/#primaryimage","url":"https:\/\/sibiz.eu\/wp-content\/uploads\/2026\/04\/1.jpg","contentUrl":"https:\/\/sibiz.eu\/wp-content\/uploads\/2026\/04\/1.jpg","width":1910,"height":1275},{"@type":"BreadcrumbList","@id":"https:\/\/sibiz.eu\/tr\/2026-yilinda-slovenyada-zorunlu-yillik-izin-ve-tatil-ucreti-calisanlar-icin-kapsamli-kilavuz\/#breadcrumb","itemListElement":[{"@type":"ListItem","position":1,"name":"Home","item":"https:\/\/sibiz.eu\/tr\/"},{"@type":"ListItem","position":2,"name":"2026 Y\u0131l\u0131nda Slovenya\u2019da Zorunlu Y\u0131ll\u0131k \u0130zin ve Tatil \u00dccreti: \u00c7al\u0131\u015fanlar \u0130\u00e7in Kapsaml\u0131 K\u0131lavuz"}]},{"@type":"WebSite","@id":"https:\/\/sibiz.eu\/tr\/#website","url":"https:\/\/sibiz.eu\/tr\/","name":"Sibiz d.o.o.","description":"Sibiz d.o.o. is a premier provider of advanced ASIC, FPGA, Firmware and Software design services and is actively developing soft IP Cores, high-performance processors, data-communication network processors and switches used as infrastructure blocks in building complex SoC products for communications and a variety of embedded applications.","publisher":{"@id":"https:\/\/sibiz.eu\/tr\/#organization"},"potentialAction":[{"@type":"SearchAction","target":{"@type":"EntryPoint","urlTemplate":"https:\/\/sibiz.eu\/tr\/?s={search_term_string}"},"query-input":{"@type":"PropertyValueSpecification","valueRequired":true,"valueName":"search_term_string"}}],"inLanguage":"tr"},{"@type":"Organization","@id":"https:\/\/sibiz.eu\/tr\/#organization","name":"Sibiz d.o.o.","url":"https:\/\/sibiz.eu\/tr\/","logo":{"@type":"ImageObject","inLanguage":"tr","@id":"https:\/\/sibiz.eu\/tr\/#\/schema\/logo\/image\/","url":"https:\/\/sibiz.eu\/wp-content\/uploads\/2024\/07\/cropped-favicon_sibiz.png","contentUrl":"https:\/\/sibiz.eu\/wp-content\/uploads\/2024\/07\/cropped-favicon_sibiz.png","width":512,"height":512,"caption":"Sibiz d.o.o."},"image":{"@id":"https:\/\/sibiz.eu\/tr\/#\/schema\/logo\/image\/"}},{"@type":"Person","@id":"https:\/\/sibiz.eu\/tr\/#\/schema\/person\/70bdc0ba03615188934639f9ddc6e880","name":"Eymen Erakkaya","url":"https:\/\/sibiz.eu\/tr\/author\/eymene\/"}]}},"_links":{"self":[{"href":"https:\/\/sibiz.eu\/tr\/wp-json\/wp\/v2\/posts\/15691","targetHints":{"allow":["GET"]}}],"collection":[{"href":"https:\/\/sibiz.eu\/tr\/wp-json\/wp\/v2\/posts"}],"about":[{"href":"https:\/\/sibiz.eu\/tr\/wp-json\/wp\/v2\/types\/post"}],"author":[{"embeddable":true,"href":"https:\/\/sibiz.eu\/tr\/wp-json\/wp\/v2\/users\/8"}],"replies":[{"embeddable":true,"href":"https:\/\/sibiz.eu\/tr\/wp-json\/wp\/v2\/comments?post=15691"}],"version-history":[{"count":4,"href":"https:\/\/sibiz.eu\/tr\/wp-json\/wp\/v2\/posts\/15691\/revisions"}],"predecessor-version":[{"id":15696,"href":"https:\/\/sibiz.eu\/tr\/wp-json\/wp\/v2\/posts\/15691\/revisions\/15696"}],"wp:featuredmedia":[{"embeddable":true,"href":"https:\/\/sibiz.eu\/tr\/wp-json\/wp\/v2\/media\/15551"}],"wp:attachment":[{"href":"https:\/\/sibiz.eu\/tr\/wp-json\/wp\/v2\/media?parent=15691"}],"wp:term":[{"taxonomy":"category","embeddable":true,"href":"https:\/\/sibiz.eu\/tr\/wp-json\/wp\/v2\/categories?post=15691"},{"taxonomy":"post_tag","embeddable":true,"href":"https:\/\/sibiz.eu\/tr\/wp-json\/wp\/v2\/tags?post=15691"}],"curies":[{"name":"wp","href":"https:\/\/api.w.org\/{rel}","templated":true}]}}