{"id":15334,"date":"2026-02-05T14:33:37","date_gmt":"2026-02-05T14:33:37","guid":{"rendered":"https:\/\/sibiz.eu\/5-subat-2026-tarihinden-itibaren-slovenyada-ogrenci-iscilerin-asgari-saatlik-ucretinde-artis\/"},"modified":"2026-02-21T12:30:15","modified_gmt":"2026-02-21T12:30:15","slug":"5-subat-2026-tarihinden-itibaren-slovenyada-ogrenci-iscilerin-asgari-saatlik-ucretinde-artis","status":"publish","type":"post","link":"https:\/\/sibiz.eu\/tr\/5-subat-2026-tarihinden-itibaren-slovenyada-ogrenci-iscilerin-asgari-saatlik-ucretinde-artis\/","title":{"rendered":"5 \u015eubat 2026 Tarihinden Itibaren Slovenya&#8217;da \u00d6\u011frenci I\u015f\u00e7ilerin Asgari Saatlik \u00dccretinde Art\u0131\u015f"},"content":{"rendered":"\n<figure class=\" wp-block-image eplus-wrapper\"><img decoding=\"async\" src=\"https:\/\/sibiz.eu\/wp-content\/uploads\/2025\/10\/iStock-1254053431.jpg\" alt=\"\"\/><\/figure>\n\n<p class=\" eplus-wrapper\"><p><strong>\u00d6NEML\u0130 G\u00dcNCELLEME<\/strong><\/p><\/p>\n\n<p class=\" eplus-wrapper\">Yasal olarak belirlenen \u00f6\u011frenci ve \u00f6\u011frenci i\u015fleri i\u00e7in asgari saatlik \u00fccret 5 \u015eubat 2026 tarihinde art\u0131r\u0131lm\u0131\u015ft\u0131r.<\/p>\n\n<p class=\" eplus-wrapper\"><p><strong>YEN\u0130 ASGAR\u0130 SAAT \u00dcCRET\u0130<\/strong><\/p><\/p>\n\n<p class=\" eplus-wrapper\"><p><strong>Br\u00fct saatlik \u00fccret<\/strong>: 8,98 EUR<br\/><strong>Net saatlik \u00fccret<\/strong>: 7,73 EUR.<\/p><br\/><p>\u00d6deme do\u011frudan \u00f6\u011frencinin banka hesab\u0131na yap\u0131l\u0131r.<\/p><\/p>\n\n<p class=\" eplus-wrapper\"><p><strong>\u00d6NEML\u0130 \u015eUBAT AYI MAA\u015e \u00d6DEME KURALI<\/strong><\/p><\/p>\n\n<p class=\" eplus-wrapper\">\u015eubat ay\u0131 \u00e7al\u0131\u015fmalar\u0131, fiili \u00e7al\u0131\u015fma tarihine g\u00f6re hesaplanmal\u0131d\u0131r.<\/p>\n\n<p class=\" eplus-wrapper\"><p><strong>4 \u015eUBAT 2026 TAR\u0130H\u0130NE KADAR YAPILAN \u00c7ALI\u015eMALAR<\/strong><\/p><\/p>\n\n<p class=\" eplus-wrapper\"><p><strong>Br\u00fct saatlik \u00fccret<\/strong>: 7,34 EUR<br\/><strong>Net saatlik \u00fccret<\/strong>: 6,32 EUR<\/p><\/p>\n\n<p class=\" eplus-wrapper\"><p><strong>5 \u015eUBAT 2026&#8217;DAN \u0130T\u0130BAREN YAPILAN \u00c7ALI\u015eMALAR<\/strong><\/p><\/p>\n\n<p class=\" eplus-wrapper\"><p><strong>Br\u00fct saatlik \u00fccret<\/strong>: 8,98 EUR<br\/><strong>Net saatlik \u00fccret<\/strong>: 7,73 EUR<\/p><\/p>\n\n<p class=\" eplus-wrapper\"><p><strong>\u0130\u015eVERENLER\u0130N YAPMASI GEREKENLER<\/strong><\/p><\/p>\n<ul class=\" wp-block-list eplus-wrapper eplus-styles-uid-499268\">\n<li class=\" eplus-wrapper\">\u00d6\u011frencilerin zaman \u00e7izelgelerini tarihe g\u00f6re inceleyin.<\/li>\n\n\n\n<li class=\" eplus-wrapper\">Her d\u00f6nem i\u00e7in do\u011fru saatlik \u00fccreti uygulay\u0131n.<\/li>\n\n\n\n<li class=\" eplus-wrapper\">Maa\u015f bordrosunu ve \u00f6\u011frencilerin \u00e7al\u0131\u015fma hesaplamalar\u0131n\u0131 gecikmeden g\u00fcncelleyin.<\/li>\n<\/ul>\n<p class=\" eplus-wrapper\">Bu y\u00fck\u00fcml\u00fcl\u00fck, Slovenya \u00f6\u011frenci \u00e7al\u0131\u015fma kurallar\u0131 kapsam\u0131nda \u00f6\u011frenci veya \u00f6\u011frenci istihdam eden t\u00fcm i\u015fverenler i\u00e7in ge\u00e7erlidir.<\/p>\n\n<p class=\" eplus-wrapper\"><p><strong>SIBIZ HAKKINDA<\/strong><br\/><br\/>SIBIZ Business Services, Slovenya&#8217;da faaliyet g\u00f6steren yabanc\u0131 giri\u015fimciler, dijital g\u00f6\u00e7ebeler, i\u015f profesyonelleri ve kurumsal m\u00fc\u015fterileri desteklemektedir. \u015eirket tescili , muhasebe hizmetleri, bordro ve vergi uyum deste\u011fi hizmetleri sunmaktay\u0131z.<strong><br\/><\/strong><\/p><\/p>\n\n<p class=\" eplus-wrapper\"><\/p>\n","protected":false},"excerpt":{"rendered":"<p>\u00d6NEML\u0130 G\u00dcNCELLEME Yasal olarak belirlenen \u00f6\u011frenci ve \u00f6\u011frenci i\u015fleri i\u00e7in asgari saatlik \u00fccret 5 \u015eubat 2026 tarihinde art\u0131r\u0131lm\u0131\u015ft\u0131r. YEN\u0130 ASGAR\u0130 SAAT \u00dcCRET\u0130 Br\u00fct saatlik \u00fccret: 8,98 EURNet saatlik \u00fccret: 7,73 EUR. \u00d6deme do\u011frudan \u00f6\u011frencinin banka hesab\u0131na yap\u0131l\u0131r. \u00d6NEML\u0130 \u015eUBAT AYI MAA\u015e \u00d6DEME KURALI \u015eubat ay\u0131 \u00e7al\u0131\u015fmalar\u0131, fiili \u00e7al\u0131\u015fma tarihine g\u00f6re hesaplanmal\u0131d\u0131r. 4 \u015eUBAT 2026 TAR\u0130H\u0130NE [&hellip;]<\/p>\n","protected":false},"author":8,"featured_media":14008,"comment_status":"closed","ping_status":"closed","sticky":false,"template":"","format":"standard","meta":{"_acf_changed":false,"_editorskit_title_hidden":false,"_editorskit_reading_time":0,"_editorskit_is_block_options_detached":false,"_editorskit_block_options_position":"{}","editor_plus_copied_stylings":"{}","footnotes":""},"categories":[1033,1029,1037,1040,1039],"tags":[1070,1066,1065,1068,1060,1067],"class_list":["post-15334","post","type-post","status-publish","format-standard","has-post-thumbnail","hentry","category-blog-tr","category-haberler","category-mevzuat","category-slovenyada-calisma","category-slovenyada-istihda","tag-iscilik","tag-istihdam","tag-mevzuat","tag-slovenyada-calismak","tag-slovenyada-is","tag-slovenyada-yasam"],"acf":[],"yoast_head":"<!-- This site is optimized with the Yoast SEO plugin v27.4 - https:\/\/yoast.com\/product\/yoast-seo-wordpress\/ -->\n<title>5 \u015eubat 2026 Tarihinden Itibaren Slovenya&#039;da \u00d6\u011frenci I\u015f\u00e7ilerin Asgari Saatlik \u00dccretinde Art\u0131\u015f - Sibiz d.o.o.<\/title>\n<meta name=\"robots\" content=\"index, follow, max-snippet:-1, max-image-preview:large, max-video-preview:-1\" \/>\n<link rel=\"canonical\" href=\"https:\/\/sibiz.eu\/tr\/5-subat-2026-tarihinden-itibaren-slovenyada-ogrenci-iscilerin-asgari-saatlik-ucretinde-artis\/\" \/>\n<meta property=\"og:locale\" content=\"tr_TR\" \/>\n<meta property=\"og:type\" content=\"article\" \/>\n<meta property=\"og:title\" content=\"5 \u015eubat 2026 Tarihinden Itibaren Slovenya&#039;da \u00d6\u011frenci I\u015f\u00e7ilerin Asgari Saatlik \u00dccretinde Art\u0131\u015f - Sibiz d.o.o.\" \/>\n<meta property=\"og:description\" content=\"\u00d6NEML\u0130 G\u00dcNCELLEME Yasal olarak belirlenen \u00f6\u011frenci ve \u00f6\u011frenci i\u015fleri i\u00e7in asgari saatlik \u00fccret 5 \u015eubat 2026 tarihinde art\u0131r\u0131lm\u0131\u015ft\u0131r. YEN\u0130 ASGAR\u0130 SAAT \u00dcCRET\u0130 Br\u00fct saatlik \u00fccret: 8,98 EURNet saatlik \u00fccret: 7,73 EUR. \u00d6deme do\u011frudan \u00f6\u011frencinin banka hesab\u0131na yap\u0131l\u0131r. \u00d6NEML\u0130 \u015eUBAT AYI MAA\u015e \u00d6DEME KURALI \u015eubat ay\u0131 \u00e7al\u0131\u015fmalar\u0131, fiili \u00e7al\u0131\u015fma tarihine g\u00f6re hesaplanmal\u0131d\u0131r. 4 \u015eUBAT 2026 TAR\u0130H\u0130NE [&hellip;]\" \/>\n<meta property=\"og:url\" content=\"https:\/\/sibiz.eu\/tr\/5-subat-2026-tarihinden-itibaren-slovenyada-ogrenci-iscilerin-asgari-saatlik-ucretinde-artis\/\" \/>\n<meta property=\"og:site_name\" content=\"Sibiz d.o.o.\" \/>\n<meta property=\"article:published_time\" content=\"2026-02-05T14:33:37+00:00\" \/>\n<meta property=\"article:modified_time\" content=\"2026-02-21T12:30:15+00:00\" \/>\n<meta property=\"og:image\" content=\"https:\/\/sibiz.eu\/wp-content\/uploads\/2025\/10\/iStock-1254053431.jpg\" \/>\n\t<meta property=\"og:image:width\" content=\"1255\" \/>\n\t<meta property=\"og:image:height\" content=\"835\" \/>\n\t<meta property=\"og:image:type\" content=\"image\/jpeg\" \/>\n<meta name=\"author\" content=\"Eymen Erakkaya\" \/>\n<meta name=\"twitter:card\" content=\"summary_large_image\" \/>\n<meta name=\"twitter:label1\" content=\"Yazan:\" \/>\n\t<meta name=\"twitter:data1\" content=\"Eymen Erakkaya\" \/>\n\t<meta name=\"twitter:label2\" content=\"Tahmini okuma s\u00fcresi\" \/>\n\t<meta name=\"twitter:data2\" content=\"1 dakika\" \/>\n<script type=\"application\/ld+json\" class=\"yoast-schema-graph\">{\"@context\":\"https:\\\/\\\/schema.org\",\"@graph\":[{\"@type\":\"Article\",\"@id\":\"https:\\\/\\\/sibiz.eu\\\/tr\\\/5-subat-2026-tarihinden-itibaren-slovenyada-ogrenci-iscilerin-asgari-saatlik-ucretinde-artis\\\/#article\",\"isPartOf\":{\"@id\":\"https:\\\/\\\/sibiz.eu\\\/tr\\\/5-subat-2026-tarihinden-itibaren-slovenyada-ogrenci-iscilerin-asgari-saatlik-ucretinde-artis\\\/\"},\"author\":{\"name\":\"Eymen Erakkaya\",\"@id\":\"https:\\\/\\\/sibiz.eu\\\/tr\\\/#\\\/schema\\\/person\\\/70bdc0ba03615188934639f9ddc6e880\"},\"headline\":\"5 \u015eubat 2026 Tarihinden Itibaren Slovenya&#8217;da \u00d6\u011frenci I\u015f\u00e7ilerin Asgari Saatlik \u00dccretinde Art\u0131\u015f\",\"datePublished\":\"2026-02-05T14:33:37+00:00\",\"dateModified\":\"2026-02-21T12:30:15+00:00\",\"mainEntityOfPage\":{\"@id\":\"https:\\\/\\\/sibiz.eu\\\/tr\\\/5-subat-2026-tarihinden-itibaren-slovenyada-ogrenci-iscilerin-asgari-saatlik-ucretinde-artis\\\/\"},\"wordCount\":205,\"publisher\":{\"@id\":\"https:\\\/\\\/sibiz.eu\\\/tr\\\/#organization\"},\"image\":{\"@id\":\"https:\\\/\\\/sibiz.eu\\\/tr\\\/5-subat-2026-tarihinden-itibaren-slovenyada-ogrenci-iscilerin-asgari-saatlik-ucretinde-artis\\\/#primaryimage\"},\"thumbnailUrl\":\"https:\\\/\\\/sibiz.eu\\\/wp-content\\\/uploads\\\/2025\\\/10\\\/iStock-1254053431.jpg\",\"keywords\":[\"\u0130\u015f\u00e7ilik\",\"istihdam\",\"Mevzuat\",\"Slovenya'da \u00e7al\u0131\u015fmak\",\"Slovenya'da i\u015f\",\"Slovenya'da ya\u015fam\"],\"articleSection\":[\"BLOG\",\"HABERLER\",\"Mevzuat\",\"Slovenya'da \u00c7al\u0131\u015fma\",\"Slovenya'da \u0130stihda\"],\"inLanguage\":\"tr\"},{\"@type\":\"WebPage\",\"@id\":\"https:\\\/\\\/sibiz.eu\\\/tr\\\/5-subat-2026-tarihinden-itibaren-slovenyada-ogrenci-iscilerin-asgari-saatlik-ucretinde-artis\\\/\",\"url\":\"https:\\\/\\\/sibiz.eu\\\/tr\\\/5-subat-2026-tarihinden-itibaren-slovenyada-ogrenci-iscilerin-asgari-saatlik-ucretinde-artis\\\/\",\"name\":\"5 \u015eubat 2026 Tarihinden Itibaren Slovenya'da \u00d6\u011frenci I\u015f\u00e7ilerin Asgari Saatlik \u00dccretinde Art\u0131\u015f - Sibiz d.o.o.\",\"isPartOf\":{\"@id\":\"https:\\\/\\\/sibiz.eu\\\/tr\\\/#website\"},\"primaryImageOfPage\":{\"@id\":\"https:\\\/\\\/sibiz.eu\\\/tr\\\/5-subat-2026-tarihinden-itibaren-slovenyada-ogrenci-iscilerin-asgari-saatlik-ucretinde-artis\\\/#primaryimage\"},\"image\":{\"@id\":\"https:\\\/\\\/sibiz.eu\\\/tr\\\/5-subat-2026-tarihinden-itibaren-slovenyada-ogrenci-iscilerin-asgari-saatlik-ucretinde-artis\\\/#primaryimage\"},\"thumbnailUrl\":\"https:\\\/\\\/sibiz.eu\\\/wp-content\\\/uploads\\\/2025\\\/10\\\/iStock-1254053431.jpg\",\"datePublished\":\"2026-02-05T14:33:37+00:00\",\"dateModified\":\"2026-02-21T12:30:15+00:00\",\"breadcrumb\":{\"@id\":\"https:\\\/\\\/sibiz.eu\\\/tr\\\/5-subat-2026-tarihinden-itibaren-slovenyada-ogrenci-iscilerin-asgari-saatlik-ucretinde-artis\\\/#breadcrumb\"},\"inLanguage\":\"tr\",\"potentialAction\":[{\"@type\":\"ReadAction\",\"target\":[\"https:\\\/\\\/sibiz.eu\\\/tr\\\/5-subat-2026-tarihinden-itibaren-slovenyada-ogrenci-iscilerin-asgari-saatlik-ucretinde-artis\\\/\"]}]},{\"@type\":\"ImageObject\",\"inLanguage\":\"tr\",\"@id\":\"https:\\\/\\\/sibiz.eu\\\/tr\\\/5-subat-2026-tarihinden-itibaren-slovenyada-ogrenci-iscilerin-asgari-saatlik-ucretinde-artis\\\/#primaryimage\",\"url\":\"https:\\\/\\\/sibiz.eu\\\/wp-content\\\/uploads\\\/2025\\\/10\\\/iStock-1254053431.jpg\",\"contentUrl\":\"https:\\\/\\\/sibiz.eu\\\/wp-content\\\/uploads\\\/2025\\\/10\\\/iStock-1254053431.jpg\",\"width\":1255,\"height\":835,\"caption\":\"Young caucasian couple in a smart casual clothes using a laptop on the staircase in a city.\"},{\"@type\":\"BreadcrumbList\",\"@id\":\"https:\\\/\\\/sibiz.eu\\\/tr\\\/5-subat-2026-tarihinden-itibaren-slovenyada-ogrenci-iscilerin-asgari-saatlik-ucretinde-artis\\\/#breadcrumb\",\"itemListElement\":[{\"@type\":\"ListItem\",\"position\":1,\"name\":\"Home\",\"item\":\"https:\\\/\\\/sibiz.eu\\\/tr\\\/\"},{\"@type\":\"ListItem\",\"position\":2,\"name\":\"5 \u015eubat 2026 Tarihinden Itibaren Slovenya&#8217;da \u00d6\u011frenci I\u015f\u00e7ilerin Asgari Saatlik \u00dccretinde Art\u0131\u015f\"}]},{\"@type\":\"WebSite\",\"@id\":\"https:\\\/\\\/sibiz.eu\\\/tr\\\/#website\",\"url\":\"https:\\\/\\\/sibiz.eu\\\/tr\\\/\",\"name\":\"Sibiz d.o.o.\",\"description\":\"Sibiz d.o.o. is a premier provider of advanced ASIC, FPGA, Firmware and Software design services and is actively developing soft IP Cores, high-performance processors, data-communication network processors and switches used as infrastructure blocks in building complex SoC products for communications and a variety of embedded applications.\",\"publisher\":{\"@id\":\"https:\\\/\\\/sibiz.eu\\\/tr\\\/#organization\"},\"potentialAction\":[{\"@type\":\"SearchAction\",\"target\":{\"@type\":\"EntryPoint\",\"urlTemplate\":\"https:\\\/\\\/sibiz.eu\\\/tr\\\/?s={search_term_string}\"},\"query-input\":{\"@type\":\"PropertyValueSpecification\",\"valueRequired\":true,\"valueName\":\"search_term_string\"}}],\"inLanguage\":\"tr\"},{\"@type\":\"Organization\",\"@id\":\"https:\\\/\\\/sibiz.eu\\\/tr\\\/#organization\",\"name\":\"Sibiz d.o.o.\",\"url\":\"https:\\\/\\\/sibiz.eu\\\/tr\\\/\",\"logo\":{\"@type\":\"ImageObject\",\"inLanguage\":\"tr\",\"@id\":\"https:\\\/\\\/sibiz.eu\\\/tr\\\/#\\\/schema\\\/logo\\\/image\\\/\",\"url\":\"https:\\\/\\\/sibiz.eu\\\/wp-content\\\/uploads\\\/2024\\\/07\\\/cropped-favicon_sibiz.png\",\"contentUrl\":\"https:\\\/\\\/sibiz.eu\\\/wp-content\\\/uploads\\\/2024\\\/07\\\/cropped-favicon_sibiz.png\",\"width\":512,\"height\":512,\"caption\":\"Sibiz d.o.o.\"},\"image\":{\"@id\":\"https:\\\/\\\/sibiz.eu\\\/tr\\\/#\\\/schema\\\/logo\\\/image\\\/\"}},{\"@type\":\"Person\",\"@id\":\"https:\\\/\\\/sibiz.eu\\\/tr\\\/#\\\/schema\\\/person\\\/70bdc0ba03615188934639f9ddc6e880\",\"name\":\"Eymen Erakkaya\",\"url\":\"https:\\\/\\\/sibiz.eu\\\/tr\\\/author\\\/eymene\\\/\"}]}<\/script>\n<!-- \/ Yoast SEO plugin. -->","yoast_head_json":{"title":"5 \u015eubat 2026 Tarihinden Itibaren Slovenya'da \u00d6\u011frenci I\u015f\u00e7ilerin Asgari Saatlik \u00dccretinde Art\u0131\u015f - Sibiz d.o.o.","robots":{"index":"index","follow":"follow","max-snippet":"max-snippet:-1","max-image-preview":"max-image-preview:large","max-video-preview":"max-video-preview:-1"},"canonical":"https:\/\/sibiz.eu\/tr\/5-subat-2026-tarihinden-itibaren-slovenyada-ogrenci-iscilerin-asgari-saatlik-ucretinde-artis\/","og_locale":"tr_TR","og_type":"article","og_title":"5 \u015eubat 2026 Tarihinden Itibaren Slovenya'da \u00d6\u011frenci I\u015f\u00e7ilerin Asgari Saatlik \u00dccretinde Art\u0131\u015f - Sibiz d.o.o.","og_description":"\u00d6NEML\u0130 G\u00dcNCELLEME Yasal olarak belirlenen \u00f6\u011frenci ve \u00f6\u011frenci i\u015fleri i\u00e7in asgari saatlik \u00fccret 5 \u015eubat 2026 tarihinde art\u0131r\u0131lm\u0131\u015ft\u0131r. YEN\u0130 ASGAR\u0130 SAAT \u00dcCRET\u0130 Br\u00fct saatlik \u00fccret: 8,98 EURNet saatlik \u00fccret: 7,73 EUR. \u00d6deme do\u011frudan \u00f6\u011frencinin banka hesab\u0131na yap\u0131l\u0131r. \u00d6NEML\u0130 \u015eUBAT AYI MAA\u015e \u00d6DEME KURALI \u015eubat ay\u0131 \u00e7al\u0131\u015fmalar\u0131, fiili \u00e7al\u0131\u015fma tarihine g\u00f6re hesaplanmal\u0131d\u0131r. 4 \u015eUBAT 2026 TAR\u0130H\u0130NE [&hellip;]","og_url":"https:\/\/sibiz.eu\/tr\/5-subat-2026-tarihinden-itibaren-slovenyada-ogrenci-iscilerin-asgari-saatlik-ucretinde-artis\/","og_site_name":"Sibiz d.o.o.","article_published_time":"2026-02-05T14:33:37+00:00","article_modified_time":"2026-02-21T12:30:15+00:00","og_image":[{"width":1255,"height":835,"url":"https:\/\/sibiz.eu\/wp-content\/uploads\/2025\/10\/iStock-1254053431.jpg","type":"image\/jpeg"}],"author":"Eymen Erakkaya","twitter_card":"summary_large_image","twitter_misc":{"Yazan:":"Eymen Erakkaya","Tahmini okuma s\u00fcresi":"1 dakika"},"schema":{"@context":"https:\/\/schema.org","@graph":[{"@type":"Article","@id":"https:\/\/sibiz.eu\/tr\/5-subat-2026-tarihinden-itibaren-slovenyada-ogrenci-iscilerin-asgari-saatlik-ucretinde-artis\/#article","isPartOf":{"@id":"https:\/\/sibiz.eu\/tr\/5-subat-2026-tarihinden-itibaren-slovenyada-ogrenci-iscilerin-asgari-saatlik-ucretinde-artis\/"},"author":{"name":"Eymen Erakkaya","@id":"https:\/\/sibiz.eu\/tr\/#\/schema\/person\/70bdc0ba03615188934639f9ddc6e880"},"headline":"5 \u015eubat 2026 Tarihinden Itibaren Slovenya&#8217;da \u00d6\u011frenci I\u015f\u00e7ilerin Asgari Saatlik \u00dccretinde Art\u0131\u015f","datePublished":"2026-02-05T14:33:37+00:00","dateModified":"2026-02-21T12:30:15+00:00","mainEntityOfPage":{"@id":"https:\/\/sibiz.eu\/tr\/5-subat-2026-tarihinden-itibaren-slovenyada-ogrenci-iscilerin-asgari-saatlik-ucretinde-artis\/"},"wordCount":205,"publisher":{"@id":"https:\/\/sibiz.eu\/tr\/#organization"},"image":{"@id":"https:\/\/sibiz.eu\/tr\/5-subat-2026-tarihinden-itibaren-slovenyada-ogrenci-iscilerin-asgari-saatlik-ucretinde-artis\/#primaryimage"},"thumbnailUrl":"https:\/\/sibiz.eu\/wp-content\/uploads\/2025\/10\/iStock-1254053431.jpg","keywords":["\u0130\u015f\u00e7ilik","istihdam","Mevzuat","Slovenya'da \u00e7al\u0131\u015fmak","Slovenya'da i\u015f","Slovenya'da ya\u015fam"],"articleSection":["BLOG","HABERLER","Mevzuat","Slovenya'da \u00c7al\u0131\u015fma","Slovenya'da \u0130stihda"],"inLanguage":"tr"},{"@type":"WebPage","@id":"https:\/\/sibiz.eu\/tr\/5-subat-2026-tarihinden-itibaren-slovenyada-ogrenci-iscilerin-asgari-saatlik-ucretinde-artis\/","url":"https:\/\/sibiz.eu\/tr\/5-subat-2026-tarihinden-itibaren-slovenyada-ogrenci-iscilerin-asgari-saatlik-ucretinde-artis\/","name":"5 \u015eubat 2026 Tarihinden Itibaren Slovenya'da \u00d6\u011frenci I\u015f\u00e7ilerin Asgari Saatlik \u00dccretinde Art\u0131\u015f - Sibiz d.o.o.","isPartOf":{"@id":"https:\/\/sibiz.eu\/tr\/#website"},"primaryImageOfPage":{"@id":"https:\/\/sibiz.eu\/tr\/5-subat-2026-tarihinden-itibaren-slovenyada-ogrenci-iscilerin-asgari-saatlik-ucretinde-artis\/#primaryimage"},"image":{"@id":"https:\/\/sibiz.eu\/tr\/5-subat-2026-tarihinden-itibaren-slovenyada-ogrenci-iscilerin-asgari-saatlik-ucretinde-artis\/#primaryimage"},"thumbnailUrl":"https:\/\/sibiz.eu\/wp-content\/uploads\/2025\/10\/iStock-1254053431.jpg","datePublished":"2026-02-05T14:33:37+00:00","dateModified":"2026-02-21T12:30:15+00:00","breadcrumb":{"@id":"https:\/\/sibiz.eu\/tr\/5-subat-2026-tarihinden-itibaren-slovenyada-ogrenci-iscilerin-asgari-saatlik-ucretinde-artis\/#breadcrumb"},"inLanguage":"tr","potentialAction":[{"@type":"ReadAction","target":["https:\/\/sibiz.eu\/tr\/5-subat-2026-tarihinden-itibaren-slovenyada-ogrenci-iscilerin-asgari-saatlik-ucretinde-artis\/"]}]},{"@type":"ImageObject","inLanguage":"tr","@id":"https:\/\/sibiz.eu\/tr\/5-subat-2026-tarihinden-itibaren-slovenyada-ogrenci-iscilerin-asgari-saatlik-ucretinde-artis\/#primaryimage","url":"https:\/\/sibiz.eu\/wp-content\/uploads\/2025\/10\/iStock-1254053431.jpg","contentUrl":"https:\/\/sibiz.eu\/wp-content\/uploads\/2025\/10\/iStock-1254053431.jpg","width":1255,"height":835,"caption":"Young caucasian couple in a smart casual clothes using a laptop on the staircase in a city."},{"@type":"BreadcrumbList","@id":"https:\/\/sibiz.eu\/tr\/5-subat-2026-tarihinden-itibaren-slovenyada-ogrenci-iscilerin-asgari-saatlik-ucretinde-artis\/#breadcrumb","itemListElement":[{"@type":"ListItem","position":1,"name":"Home","item":"https:\/\/sibiz.eu\/tr\/"},{"@type":"ListItem","position":2,"name":"5 \u015eubat 2026 Tarihinden Itibaren Slovenya&#8217;da \u00d6\u011frenci I\u015f\u00e7ilerin Asgari Saatlik \u00dccretinde Art\u0131\u015f"}]},{"@type":"WebSite","@id":"https:\/\/sibiz.eu\/tr\/#website","url":"https:\/\/sibiz.eu\/tr\/","name":"Sibiz d.o.o.","description":"Sibiz d.o.o. is a premier provider of advanced ASIC, FPGA, Firmware and Software design services and is actively developing soft IP Cores, high-performance processors, data-communication network processors and switches used as infrastructure blocks in building complex SoC products for communications and a variety of embedded applications.","publisher":{"@id":"https:\/\/sibiz.eu\/tr\/#organization"},"potentialAction":[{"@type":"SearchAction","target":{"@type":"EntryPoint","urlTemplate":"https:\/\/sibiz.eu\/tr\/?s={search_term_string}"},"query-input":{"@type":"PropertyValueSpecification","valueRequired":true,"valueName":"search_term_string"}}],"inLanguage":"tr"},{"@type":"Organization","@id":"https:\/\/sibiz.eu\/tr\/#organization","name":"Sibiz d.o.o.","url":"https:\/\/sibiz.eu\/tr\/","logo":{"@type":"ImageObject","inLanguage":"tr","@id":"https:\/\/sibiz.eu\/tr\/#\/schema\/logo\/image\/","url":"https:\/\/sibiz.eu\/wp-content\/uploads\/2024\/07\/cropped-favicon_sibiz.png","contentUrl":"https:\/\/sibiz.eu\/wp-content\/uploads\/2024\/07\/cropped-favicon_sibiz.png","width":512,"height":512,"caption":"Sibiz d.o.o."},"image":{"@id":"https:\/\/sibiz.eu\/tr\/#\/schema\/logo\/image\/"}},{"@type":"Person","@id":"https:\/\/sibiz.eu\/tr\/#\/schema\/person\/70bdc0ba03615188934639f9ddc6e880","name":"Eymen Erakkaya","url":"https:\/\/sibiz.eu\/tr\/author\/eymene\/"}]}},"_links":{"self":[{"href":"https:\/\/sibiz.eu\/tr\/wp-json\/wp\/v2\/posts\/15334","targetHints":{"allow":["GET"]}}],"collection":[{"href":"https:\/\/sibiz.eu\/tr\/wp-json\/wp\/v2\/posts"}],"about":[{"href":"https:\/\/sibiz.eu\/tr\/wp-json\/wp\/v2\/types\/post"}],"author":[{"embeddable":true,"href":"https:\/\/sibiz.eu\/tr\/wp-json\/wp\/v2\/users\/8"}],"replies":[{"embeddable":true,"href":"https:\/\/sibiz.eu\/tr\/wp-json\/wp\/v2\/comments?post=15334"}],"version-history":[{"count":1,"href":"https:\/\/sibiz.eu\/tr\/wp-json\/wp\/v2\/posts\/15334\/revisions"}],"predecessor-version":[{"id":15335,"href":"https:\/\/sibiz.eu\/tr\/wp-json\/wp\/v2\/posts\/15334\/revisions\/15335"}],"wp:featuredmedia":[{"embeddable":true,"href":"https:\/\/sibiz.eu\/tr\/wp-json\/wp\/v2\/media\/14008"}],"wp:attachment":[{"href":"https:\/\/sibiz.eu\/tr\/wp-json\/wp\/v2\/media?parent=15334"}],"wp:term":[{"taxonomy":"category","embeddable":true,"href":"https:\/\/sibiz.eu\/tr\/wp-json\/wp\/v2\/categories?post=15334"},{"taxonomy":"post_tag","embeddable":true,"href":"https:\/\/sibiz.eu\/tr\/wp-json\/wp\/v2\/tags?post=15334"}],"curies":[{"name":"wp","href":"https:\/\/api.w.org\/{rel}","templated":true}]}}