{"id":15332,"date":"2026-02-18T13:45:50","date_gmt":"2026-02-18T13:45:50","guid":{"rendered":"https:\/\/sibiz.eu\/slovenya-sinir-bolgelerindeki-start-uplar-icin-30-000-avro-geri-odemesiz-hibe\/"},"modified":"2026-02-21T12:15:32","modified_gmt":"2026-02-21T12:15:32","slug":"slovenya-sinir-bolgelerindeki-start-uplar-icin-30-000-avro-geri-odemesiz-hibe","status":"publish","type":"post","link":"https:\/\/sibiz.eu\/tr\/slovenya-sinir-bolgelerindeki-start-uplar-icin-30-000-avro-geri-odemesiz-hibe\/","title":{"rendered":"SLOVENYA: SINIR B\u00d6LGELER\u0130NDEK\u0130 START-UP&#8217;LAR \u0130\u00c7\u0130N 30.000 AVRO GER\u0130 \u00d6DEMES\u0130Z H\u0130BE"},"content":{"rendered":"\n<figure class=\" wp-block-image is-resized eplus-wrapper\"><img decoding=\"async\" src=\"https:\/\/sibiz.eu\/wp-content\/uploads\/2026\/01\/Resim1-1.jpg\" alt=\"\" style=\"aspect-ratio:1.502470736952703;width:1152px;height:auto\"\/><\/figure>\n\n<p class=\" eplus-wrapper\"><p><strong>Slovenya \u0130\u015fletme Fonu<\/strong>, yeni bir kamu \u00e7a\u011fr\u0131s\u0131 yay\u0131nlad\u0131: <strong>P2R 2026 \u2013 S\u0131n\u0131r Sorunlu B\u00f6lgelerdeki \u015eirketlerin Kurulmas\u0131 i\u00e7in Te\u015fvikler<\/strong>. \u00c7a\u011fr\u0131, <strong>Uyum ve B\u00f6lgesel Kalk\u0131nma Bakanl\u0131\u011f\u0131<\/strong> taraf\u0131ndan finanse ediliyor ve yap\u0131sal kalk\u0131nma zorluklar\u0131yla kar\u015f\u0131 kar\u015f\u0131ya olan b\u00f6lgelerde giri\u015fimcili\u011fi g\u00fc\u00e7lendirmeyi ama\u00e7l\u0131yor.<\/p><\/p>\n\n<p class=\" eplus-wrapper\"><p><strong>Toplam kullan\u0131labilir fon<\/strong>: 1,8 milyon avro<br\/><strong>\u015eirket ba\u015f\u0131na hibe<\/strong>: 30.000 avro geri \u00f6demesiz toplu \u00f6deme<br\/><strong>Yard\u0131m yo\u011funlu\u011fu<\/strong>: %100<br\/><strong>Ba\u015fvuru son tarihi<\/strong>: 12 Mart 2026, saat 14:00<\/p><br\/><p><strong>Resmi \u00e7a\u011fr\u0131: <\/strong>\u00a0<a href=\"https:\/\/www.podjetniskisklad.si\/p2r-2026-spodbude-za-zagon-podjetij-na-obmejnih-problemskih-obmocjih-v-letu-2026\/\"><mark class=\"has-inline-color has-blue-color\" style=\"background-color: rgba(0, 0, 0, 0);\">https:\/\/www.podjetniskisklad.si\/p2r-2026-spodbude-za-zagon-podjetij-na-obmejnih-problemskih-obmocjih-v-letu-2026\/<\/mark><\/a><\/p><\/p>\n\n<p class=\" eplus-wrapper\"><p><strong>NE F\u0130NANSE ED\u0130L\u0130R?<\/strong><\/p><\/p>\n\n<p class=\" eplus-wrapper\"><p>Hibe, bir \u015firketin <strong>tam ba\u015flang\u0131\u00e7 a\u015famas\u0131n\u0131<\/strong> destekler ve \u015funlar\u0131 kapsar:<\/p><\/p>\n<ul class=\" wp-block-list eplus-wrapper eplus-styles-uid-47653c\">\n<li class=\" eplus-wrapper\">\u015firket kurulumu ve faaliyetlerin ba\u015flat\u0131lmas\u0131<\/li>\n\n\n\n<li class=\" eplus-wrapper\">geli\u015ftirme faaliyetleri ve yat\u0131r\u0131mlar<\/li>\n\n\n\n<li class=\" eplus-wrapper\">\u00fcr\u00fcn veya hizmetlerin haz\u0131rlanmas\u0131 ve pazara sunulmas\u0131<\/li>\n\n\n\n<li class=\" eplus-wrapper\">ticarile\u015ftirme ve ilk d\u00fczenli gelirler<\/li>\n\n\n\n<li class=\" eplus-wrapper\">en az bir tam zamanl\u0131 i\u015f yarat\u0131lmas\u0131<\/li>\n\n\n\n<li class=\" eplus-wrapper\">ortaklar\u0131n ve m\u00fc\u015fterilerin tan\u0131t\u0131m\u0131 ve kazan\u0131lmas\u0131<\/li>\n<\/ul>\n<p class=\" eplus-wrapper\"><p><strong>30.000 avroluk toplu \u00f6deme<\/strong>, ihale belgelerinde tan\u0131mlanan geli\u015ftirme ve istihdam a\u015famalar\u0131n\u0131n ba\u015far\u0131yla tamamlanmas\u0131 halinde, en ge\u00e7 <strong>30 Ekim 2026<\/strong> tarihine kadar \u00f6denir.<\/p><\/p>\n\n<p class=\" eplus-wrapper\"><p>Toplam tutar, ba\u015fvurunun sunulmas\u0131ndan itibaren 30 Ekim 2026 tarihine kadar olan <strong>8 ayl\u0131k<\/strong> s\u00fcreyi kapsayan proje faaliyetlerini kapsamaktad\u0131r.<\/p><\/p>\n\n<p class=\" eplus-wrapper\"><p><strong>K\u0130M BA\u015eVURAB\u0130L\u0130R<\/strong><\/p><\/p>\n\n<p class=\" eplus-wrapper\"><p>Uygun ba\u015fvuru sahipleri <strong>mikro ve k\u00fc\u00e7\u00fck i\u015fletmelerdir<\/strong>:<\/p><\/p>\n<ul class=\" wp-block-list eplus-wrapper eplus-styles-uid-c8eb13\">\n<li class=\" eplus-wrapper\">1 Ocak 2025 ile 18 \u015eubat 2026 tarihleri aras\u0131nda kay\u0131tl\u0131 olanlar<\/li>\n\n\n\n<li class=\" eplus-wrapper\">belirlenen s\u0131n\u0131r sorunlu b\u00f6lgelerde merkezi bulunanlar<\/li>\n\n\n\n<li class=\" eplus-wrapper\">\u015fah\u0131s \u015firketleri, genel ortakl\u0131klar, kooperatifler veya sosyal giri\u015fimler olarak organize olanlar<\/li>\n<\/ul>\n<p class=\" eplus-wrapper\">S\u0131n\u0131r sorunlu b\u00f6lgeler aras\u0131nda Ajdov\u0161\u010dina, Bre\u017eice, Ko\u010devje, Kranjska Gora, Lendava, Metlika, Postojna, Se\u017eana, Tolmin, Tr\u017ei\u010d, Vipava ve resmi belgelerde listelenen di\u011fer belediyeler bulunmaktad\u0131r.<\/p>\n\n<p class=\" eplus-wrapper\"><\/p>\n\n<figure class=\" wp-block-image size-full is-resized eplus-wrapper\"><img loading=\"lazy\" decoding=\"async\" width=\"945\" height=\"617\" src=\"https:\/\/sibiz.eu\/wp-content\/uploads\/2026\/02\/image-2.png\" alt=\"\" class=\"wp-image-15283\" style=\"width:758px;height:auto\" srcset=\"https:\/\/sibiz.eu\/wp-content\/uploads\/2026\/02\/image-2.png 945w, https:\/\/sibiz.eu\/wp-content\/uploads\/2026\/02\/image-2-300x196.png 300w, https:\/\/sibiz.eu\/wp-content\/uploads\/2026\/02\/image-2-768x501.png 768w, https:\/\/sibiz.eu\/wp-content\/uploads\/2026\/02\/image-2-200x131.png 200w, https:\/\/sibiz.eu\/wp-content\/uploads\/2026\/02\/image-2-400x261.png 400w, https:\/\/sibiz.eu\/wp-content\/uploads\/2026\/02\/image-2-600x392.png 600w, https:\/\/sibiz.eu\/wp-content\/uploads\/2026\/02\/image-2-800x522.png 800w\" sizes=\"auto, (max-width: 945px) 100vw, 945px\" \/><\/figure>\n\n<p class=\" eplus-wrapper\"><p><strong>TEMEL KO\u015eULLAR<\/strong><\/p><\/p>\n\n<p class=\" eplus-wrapper\">Ba\u015fvuru sahipleri a\u015fa\u011f\u0131daki temel ko\u015fullar\u0131 yerine getirmelidir:<\/p>\n<ul class=\" wp-block-list eplus-wrapper eplus-styles-uid-79121a\">\n<li class=\" eplus-wrapper\">s\u0131n\u0131r sorunlu bir b\u00f6lgede uygulanan proje<\/li>\n\n\n\n<li class=\" eplus-wrapper\">2029 y\u0131l\u0131na kadar kapal\u0131 finansal yap\u0131 ve likidite<\/li>\n\n\n\n<li class=\" eplus-wrapper\">2026 y\u0131l\u0131ndan itibaren karl\u0131 faaliyetler<\/li>\n\n\n\n<li class=\" eplus-wrapper\">pazar odakl\u0131 \u00fcr\u00fcn ve hizmetler<\/li>\n\n\n\n<li class=\" eplus-wrapper\">e\u015f finansman anla\u015fmas\u0131n\u0131n imzalanmas\u0131 \u00fczerine en az bir tam zamanl\u0131 \u00e7al\u0131\u015fan<\/li>\n\n\n\n<li class=\" eplus-wrapper\">zor durumda olmayan ve hari\u00e7 tutulan bir sekt\u00f6rde faaliyet g\u00f6stermeyen \u015firket<\/li>\n\n\n\n<li class=\" eplus-wrapper\">de minimis yard\u0131m kurallar\u0131na uygunluk<\/li>\n<\/ul>\n<p class=\" eplus-wrapper\"><p>Ba\u015fvuru, <strong>Fonun ePortal<\/strong> \u00fczerinden elektronik olarak yap\u0131l\u0131r.<\/p><\/p>\n\n<p class=\" eplus-wrapper\"><p><strong>BU NEDEN \u00d6NEML\u0130?<\/strong><\/p><\/p>\n\n<p class=\" eplus-wrapper\"><p>Bu ara\u00e7, <strong>erken a\u015famadaki i\u015f riskini<\/strong> azalt\u0131r, gen\u00e7 \u015firketlerin hayatta kalma oranlar\u0131n\u0131 art\u0131r\u0131r ve kalk\u0131nma fark\u0131 olan b\u00f6lgelerde <strong>istihdam yarat\u0131lmas\u0131n\u0131<\/strong> destekler.<\/p><\/p>\n\n<p class=\" eplus-wrapper\"><p>Uygun belediyelerde bulunan kurucular i\u00e7in bu, ortak finansman olmadan <strong>ba\u015flang\u0131\u00e7 a\u015famas\u0131n\u0131n %100 finansman\u0131n\u0131<\/strong> g\u00fcvence alt\u0131na almak i\u00e7in nadir bir f\u0131rsatt\u0131r.<\/p><\/p>\n\n<p class=\" eplus-wrapper\"><p><strong>SIBIZ HAKKINDA<\/strong><\/p><\/p>\n\n<p class=\" eplus-wrapper\"><p>SIBIZ Business Services, Slovenya&#8217;da faaliyet g\u00f6steren <strong>yabanc\u0131 giri\u015fimciler, dijital g\u00f6\u00e7ebeler, i\u015f profesyonelleri ve kurumsal m\u00fc\u015fterileri<\/strong> desteklemektedir. <strong>\u015firket kurulu\u015fu<\/strong>, <strong>oturma ve \u00e7al\u0131\u015fma izni deste\u011fi<\/strong>, <strong>kapsaml\u0131 muhasebe hizmetleri<\/strong>, vergi dan\u0131\u015fmanl\u0131\u011f\u0131, kurumsal yap\u0131land\u0131rma ve mevzuata uygunluk hizmetleri sunmaktay\u0131z.<\/p><\/p>\n\n<p class=\" eplus-wrapper\">Pazar giri\u015finden kurulu\u015f a\u015famas\u0131na, devam eden finansal, vergi ve operasyonel deste\u011fe kadar t\u00fcm i\u015f d\u00f6ng\u00fcs\u00fc boyunca m\u00fc\u015fterilerimize destek oluyoruz.<\/p>\n\n<p class=\" eplus-wrapper\"><p><strong>Daha fazla bilgi i\u00e7in: <\/strong><a href=\"http:\/\/www.sibiz.eu\"><strong>www.sibiz.eu<\/strong><\/a><\/p><\/p>\n\n<p class=\" eplus-wrapper\"><\/p>\n","protected":false},"excerpt":{"rendered":"<p>Slovenya \u0130\u015fletme Fonu, yeni bir kamu \u00e7a\u011fr\u0131s\u0131 yay\u0131nlad\u0131: P2R 2026 \u2013 S\u0131n\u0131r Sorunlu B\u00f6lgelerdeki \u015eirketlerin Kurulmas\u0131 i\u00e7in Te\u015fvikler. \u00c7a\u011fr\u0131, Uyum ve B\u00f6lgesel Kalk\u0131nma Bakanl\u0131\u011f\u0131 taraf\u0131ndan finanse ediliyor ve yap\u0131sal kalk\u0131nma zorluklar\u0131yla kar\u015f\u0131 kar\u015f\u0131ya olan b\u00f6lgelerde giri\u015fimcili\u011fi g\u00fc\u00e7lendirmeyi ama\u00e7l\u0131yor. Toplam kullan\u0131labilir fon: 1,8 milyon avro\u015eirket ba\u015f\u0131na hibe: 30.000 avro geri \u00f6demesiz toplu \u00f6demeYard\u0131m yo\u011funlu\u011fu: %100Ba\u015fvuru son [&hellip;]<\/p>\n","protected":false},"author":8,"featured_media":14707,"comment_status":"closed","ping_status":"closed","sticky":false,"template":"","format":"standard","meta":{"_acf_changed":false,"_editorskit_title_hidden":false,"_editorskit_reading_time":0,"_editorskit_is_block_options_detached":false,"_editorskit_block_options_position":"{}","editor_plus_copied_stylings":"{}","footnotes":""},"categories":[1033,1035,1029,1038,1037,1040,1081],"tags":[1065,1060,1067,1072],"class_list":["post-15332","post","type-post","status-publish","format-standard","has-post-thumbnail","hentry","category-blog-tr","category-eu-tr","category-haberler","category-isletme","category-mevzuat","category-slovenyada-calisma","category-yatirim","tag-mevzuat","tag-slovenyada-is","tag-slovenyada-yasam","tag-slovenyada-yasamak"],"acf":[],"yoast_head":"<!-- This site is optimized with the Yoast SEO plugin v27.4 - https:\/\/yoast.com\/product\/yoast-seo-wordpress\/ -->\n<title>SLOVENYA: SINIR B\u00d6LGELER\u0130NDEK\u0130 START-UP&#039;LAR \u0130\u00c7\u0130N 30.000 AVRO GER\u0130 \u00d6DEMES\u0130Z H\u0130BE - Sibiz d.o.o.<\/title>\n<meta name=\"robots\" content=\"index, follow, max-snippet:-1, max-image-preview:large, max-video-preview:-1\" \/>\n<link rel=\"canonical\" href=\"https:\/\/sibiz.eu\/tr\/slovenya-sinir-bolgelerindeki-start-uplar-icin-30-000-avro-geri-odemesiz-hibe\/\" \/>\n<meta property=\"og:locale\" content=\"tr_TR\" \/>\n<meta property=\"og:type\" content=\"article\" \/>\n<meta property=\"og:title\" content=\"SLOVENYA: SINIR B\u00d6LGELER\u0130NDEK\u0130 START-UP&#039;LAR \u0130\u00c7\u0130N 30.000 AVRO GER\u0130 \u00d6DEMES\u0130Z H\u0130BE - Sibiz d.o.o.\" \/>\n<meta property=\"og:description\" content=\"Slovenya \u0130\u015fletme Fonu, yeni bir kamu \u00e7a\u011fr\u0131s\u0131 yay\u0131nlad\u0131: P2R 2026 \u2013 S\u0131n\u0131r Sorunlu B\u00f6lgelerdeki \u015eirketlerin Kurulmas\u0131 i\u00e7in Te\u015fvikler. \u00c7a\u011fr\u0131, Uyum ve B\u00f6lgesel Kalk\u0131nma Bakanl\u0131\u011f\u0131 taraf\u0131ndan finanse ediliyor ve yap\u0131sal kalk\u0131nma zorluklar\u0131yla kar\u015f\u0131 kar\u015f\u0131ya olan b\u00f6lgelerde giri\u015fimcili\u011fi g\u00fc\u00e7lendirmeyi ama\u00e7l\u0131yor. Toplam kullan\u0131labilir fon: 1,8 milyon avro\u015eirket ba\u015f\u0131na hibe: 30.000 avro geri \u00f6demesiz toplu \u00f6demeYard\u0131m yo\u011funlu\u011fu: %100Ba\u015fvuru son [&hellip;]\" \/>\n<meta property=\"og:url\" content=\"https:\/\/sibiz.eu\/tr\/slovenya-sinir-bolgelerindeki-start-uplar-icin-30-000-avro-geri-odemesiz-hibe\/\" \/>\n<meta property=\"og:site_name\" content=\"Sibiz d.o.o.\" \/>\n<meta property=\"article:published_time\" content=\"2026-02-18T13:45:50+00:00\" \/>\n<meta property=\"article:modified_time\" content=\"2026-02-21T12:15:32+00:00\" \/>\n<meta property=\"og:image\" content=\"https:\/\/sibiz.eu\/wp-content\/uploads\/2026\/01\/Resim1-1.jpg\" \/>\n\t<meta property=\"og:image:width\" content=\"1827\" \/>\n\t<meta property=\"og:image:height\" content=\"1216\" \/>\n\t<meta property=\"og:image:type\" content=\"image\/jpeg\" \/>\n<meta name=\"author\" content=\"Eymen Erakkaya\" \/>\n<meta name=\"twitter:card\" content=\"summary_large_image\" \/>\n<meta name=\"twitter:label1\" content=\"Yazan:\" \/>\n\t<meta name=\"twitter:data1\" content=\"Eymen Erakkaya\" \/>\n\t<meta name=\"twitter:label2\" content=\"Tahmini okuma s\u00fcresi\" \/>\n\t<meta name=\"twitter:data2\" content=\"3 dakika\" \/>\n<script type=\"application\/ld+json\" class=\"yoast-schema-graph\">{\"@context\":\"https:\\\/\\\/schema.org\",\"@graph\":[{\"@type\":\"Article\",\"@id\":\"https:\\\/\\\/sibiz.eu\\\/tr\\\/slovenya-sinir-bolgelerindeki-start-uplar-icin-30-000-avro-geri-odemesiz-hibe\\\/#article\",\"isPartOf\":{\"@id\":\"https:\\\/\\\/sibiz.eu\\\/tr\\\/slovenya-sinir-bolgelerindeki-start-uplar-icin-30-000-avro-geri-odemesiz-hibe\\\/\"},\"author\":{\"name\":\"Eymen Erakkaya\",\"@id\":\"https:\\\/\\\/sibiz.eu\\\/tr\\\/#\\\/schema\\\/person\\\/70bdc0ba03615188934639f9ddc6e880\"},\"headline\":\"SLOVENYA: SINIR B\u00d6LGELER\u0130NDEK\u0130 START-UP&#8217;LAR \u0130\u00c7\u0130N 30.000 AVRO GER\u0130 \u00d6DEMES\u0130Z H\u0130BE\",\"datePublished\":\"2026-02-18T13:45:50+00:00\",\"dateModified\":\"2026-02-21T12:15:32+00:00\",\"mainEntityOfPage\":{\"@id\":\"https:\\\/\\\/sibiz.eu\\\/tr\\\/slovenya-sinir-bolgelerindeki-start-uplar-icin-30-000-avro-geri-odemesiz-hibe\\\/\"},\"wordCount\":541,\"publisher\":{\"@id\":\"https:\\\/\\\/sibiz.eu\\\/tr\\\/#organization\"},\"image\":{\"@id\":\"https:\\\/\\\/sibiz.eu\\\/tr\\\/slovenya-sinir-bolgelerindeki-start-uplar-icin-30-000-avro-geri-odemesiz-hibe\\\/#primaryimage\"},\"thumbnailUrl\":\"https:\\\/\\\/sibiz.eu\\\/wp-content\\\/uploads\\\/2026\\\/01\\\/Resim1-1.jpg\",\"keywords\":[\"Mevzuat\",\"Slovenya'da i\u015f\",\"Slovenya'da ya\u015fam\",\"Slovenya'da ya\u015famak\"],\"articleSection\":[\"BLOG\",\"EU\",\"HABERLER\",\"I\u015fletme\",\"Mevzuat\",\"Slovenya'da \u00c7al\u0131\u015fma\",\"Yat\u0131r\u0131m\"],\"inLanguage\":\"tr\"},{\"@type\":\"WebPage\",\"@id\":\"https:\\\/\\\/sibiz.eu\\\/tr\\\/slovenya-sinir-bolgelerindeki-start-uplar-icin-30-000-avro-geri-odemesiz-hibe\\\/\",\"url\":\"https:\\\/\\\/sibiz.eu\\\/tr\\\/slovenya-sinir-bolgelerindeki-start-uplar-icin-30-000-avro-geri-odemesiz-hibe\\\/\",\"name\":\"SLOVENYA: SINIR B\u00d6LGELER\u0130NDEK\u0130 START-UP'LAR \u0130\u00c7\u0130N 30.000 AVRO GER\u0130 \u00d6DEMES\u0130Z H\u0130BE - Sibiz d.o.o.\",\"isPartOf\":{\"@id\":\"https:\\\/\\\/sibiz.eu\\\/tr\\\/#website\"},\"primaryImageOfPage\":{\"@id\":\"https:\\\/\\\/sibiz.eu\\\/tr\\\/slovenya-sinir-bolgelerindeki-start-uplar-icin-30-000-avro-geri-odemesiz-hibe\\\/#primaryimage\"},\"image\":{\"@id\":\"https:\\\/\\\/sibiz.eu\\\/tr\\\/slovenya-sinir-bolgelerindeki-start-uplar-icin-30-000-avro-geri-odemesiz-hibe\\\/#primaryimage\"},\"thumbnailUrl\":\"https:\\\/\\\/sibiz.eu\\\/wp-content\\\/uploads\\\/2026\\\/01\\\/Resim1-1.jpg\",\"datePublished\":\"2026-02-18T13:45:50+00:00\",\"dateModified\":\"2026-02-21T12:15:32+00:00\",\"breadcrumb\":{\"@id\":\"https:\\\/\\\/sibiz.eu\\\/tr\\\/slovenya-sinir-bolgelerindeki-start-uplar-icin-30-000-avro-geri-odemesiz-hibe\\\/#breadcrumb\"},\"inLanguage\":\"tr\",\"potentialAction\":[{\"@type\":\"ReadAction\",\"target\":[\"https:\\\/\\\/sibiz.eu\\\/tr\\\/slovenya-sinir-bolgelerindeki-start-uplar-icin-30-000-avro-geri-odemesiz-hibe\\\/\"]}]},{\"@type\":\"ImageObject\",\"inLanguage\":\"tr\",\"@id\":\"https:\\\/\\\/sibiz.eu\\\/tr\\\/slovenya-sinir-bolgelerindeki-start-uplar-icin-30-000-avro-geri-odemesiz-hibe\\\/#primaryimage\",\"url\":\"https:\\\/\\\/sibiz.eu\\\/wp-content\\\/uploads\\\/2026\\\/01\\\/Resim1-1.jpg\",\"contentUrl\":\"https:\\\/\\\/sibiz.eu\\\/wp-content\\\/uploads\\\/2026\\\/01\\\/Resim1-1.jpg\",\"width\":1827,\"height\":1216},{\"@type\":\"BreadcrumbList\",\"@id\":\"https:\\\/\\\/sibiz.eu\\\/tr\\\/slovenya-sinir-bolgelerindeki-start-uplar-icin-30-000-avro-geri-odemesiz-hibe\\\/#breadcrumb\",\"itemListElement\":[{\"@type\":\"ListItem\",\"position\":1,\"name\":\"Home\",\"item\":\"https:\\\/\\\/sibiz.eu\\\/tr\\\/\"},{\"@type\":\"ListItem\",\"position\":2,\"name\":\"SLOVENYA: SINIR B\u00d6LGELER\u0130NDEK\u0130 START-UP&#8217;LAR \u0130\u00c7\u0130N 30.000 AVRO GER\u0130 \u00d6DEMES\u0130Z H\u0130BE\"}]},{\"@type\":\"WebSite\",\"@id\":\"https:\\\/\\\/sibiz.eu\\\/tr\\\/#website\",\"url\":\"https:\\\/\\\/sibiz.eu\\\/tr\\\/\",\"name\":\"Sibiz d.o.o.\",\"description\":\"Sibiz d.o.o. is a premier provider of advanced ASIC, FPGA, Firmware and Software design services and is actively developing soft IP Cores, high-performance processors, data-communication network processors and switches used as infrastructure blocks in building complex SoC products for communications and a variety of embedded applications.\",\"publisher\":{\"@id\":\"https:\\\/\\\/sibiz.eu\\\/tr\\\/#organization\"},\"potentialAction\":[{\"@type\":\"SearchAction\",\"target\":{\"@type\":\"EntryPoint\",\"urlTemplate\":\"https:\\\/\\\/sibiz.eu\\\/tr\\\/?s={search_term_string}\"},\"query-input\":{\"@type\":\"PropertyValueSpecification\",\"valueRequired\":true,\"valueName\":\"search_term_string\"}}],\"inLanguage\":\"tr\"},{\"@type\":\"Organization\",\"@id\":\"https:\\\/\\\/sibiz.eu\\\/tr\\\/#organization\",\"name\":\"Sibiz d.o.o.\",\"url\":\"https:\\\/\\\/sibiz.eu\\\/tr\\\/\",\"logo\":{\"@type\":\"ImageObject\",\"inLanguage\":\"tr\",\"@id\":\"https:\\\/\\\/sibiz.eu\\\/tr\\\/#\\\/schema\\\/logo\\\/image\\\/\",\"url\":\"https:\\\/\\\/sibiz.eu\\\/wp-content\\\/uploads\\\/2024\\\/07\\\/cropped-favicon_sibiz.png\",\"contentUrl\":\"https:\\\/\\\/sibiz.eu\\\/wp-content\\\/uploads\\\/2024\\\/07\\\/cropped-favicon_sibiz.png\",\"width\":512,\"height\":512,\"caption\":\"Sibiz d.o.o.\"},\"image\":{\"@id\":\"https:\\\/\\\/sibiz.eu\\\/tr\\\/#\\\/schema\\\/logo\\\/image\\\/\"}},{\"@type\":\"Person\",\"@id\":\"https:\\\/\\\/sibiz.eu\\\/tr\\\/#\\\/schema\\\/person\\\/70bdc0ba03615188934639f9ddc6e880\",\"name\":\"Eymen Erakkaya\",\"url\":\"https:\\\/\\\/sibiz.eu\\\/tr\\\/author\\\/eymene\\\/\"}]}<\/script>\n<!-- \/ Yoast SEO plugin. -->","yoast_head_json":{"title":"SLOVENYA: SINIR B\u00d6LGELER\u0130NDEK\u0130 START-UP'LAR \u0130\u00c7\u0130N 30.000 AVRO GER\u0130 \u00d6DEMES\u0130Z H\u0130BE - Sibiz d.o.o.","robots":{"index":"index","follow":"follow","max-snippet":"max-snippet:-1","max-image-preview":"max-image-preview:large","max-video-preview":"max-video-preview:-1"},"canonical":"https:\/\/sibiz.eu\/tr\/slovenya-sinir-bolgelerindeki-start-uplar-icin-30-000-avro-geri-odemesiz-hibe\/","og_locale":"tr_TR","og_type":"article","og_title":"SLOVENYA: SINIR B\u00d6LGELER\u0130NDEK\u0130 START-UP'LAR \u0130\u00c7\u0130N 30.000 AVRO GER\u0130 \u00d6DEMES\u0130Z H\u0130BE - Sibiz d.o.o.","og_description":"Slovenya \u0130\u015fletme Fonu, yeni bir kamu \u00e7a\u011fr\u0131s\u0131 yay\u0131nlad\u0131: P2R 2026 \u2013 S\u0131n\u0131r Sorunlu B\u00f6lgelerdeki \u015eirketlerin Kurulmas\u0131 i\u00e7in Te\u015fvikler. \u00c7a\u011fr\u0131, Uyum ve B\u00f6lgesel Kalk\u0131nma Bakanl\u0131\u011f\u0131 taraf\u0131ndan finanse ediliyor ve yap\u0131sal kalk\u0131nma zorluklar\u0131yla kar\u015f\u0131 kar\u015f\u0131ya olan b\u00f6lgelerde giri\u015fimcili\u011fi g\u00fc\u00e7lendirmeyi ama\u00e7l\u0131yor. Toplam kullan\u0131labilir fon: 1,8 milyon avro\u015eirket ba\u015f\u0131na hibe: 30.000 avro geri \u00f6demesiz toplu \u00f6demeYard\u0131m yo\u011funlu\u011fu: %100Ba\u015fvuru son [&hellip;]","og_url":"https:\/\/sibiz.eu\/tr\/slovenya-sinir-bolgelerindeki-start-uplar-icin-30-000-avro-geri-odemesiz-hibe\/","og_site_name":"Sibiz d.o.o.","article_published_time":"2026-02-18T13:45:50+00:00","article_modified_time":"2026-02-21T12:15:32+00:00","og_image":[{"width":1827,"height":1216,"url":"https:\/\/sibiz.eu\/wp-content\/uploads\/2026\/01\/Resim1-1.jpg","type":"image\/jpeg"}],"author":"Eymen Erakkaya","twitter_card":"summary_large_image","twitter_misc":{"Yazan:":"Eymen Erakkaya","Tahmini okuma s\u00fcresi":"3 dakika"},"schema":{"@context":"https:\/\/schema.org","@graph":[{"@type":"Article","@id":"https:\/\/sibiz.eu\/tr\/slovenya-sinir-bolgelerindeki-start-uplar-icin-30-000-avro-geri-odemesiz-hibe\/#article","isPartOf":{"@id":"https:\/\/sibiz.eu\/tr\/slovenya-sinir-bolgelerindeki-start-uplar-icin-30-000-avro-geri-odemesiz-hibe\/"},"author":{"name":"Eymen Erakkaya","@id":"https:\/\/sibiz.eu\/tr\/#\/schema\/person\/70bdc0ba03615188934639f9ddc6e880"},"headline":"SLOVENYA: SINIR B\u00d6LGELER\u0130NDEK\u0130 START-UP&#8217;LAR \u0130\u00c7\u0130N 30.000 AVRO GER\u0130 \u00d6DEMES\u0130Z H\u0130BE","datePublished":"2026-02-18T13:45:50+00:00","dateModified":"2026-02-21T12:15:32+00:00","mainEntityOfPage":{"@id":"https:\/\/sibiz.eu\/tr\/slovenya-sinir-bolgelerindeki-start-uplar-icin-30-000-avro-geri-odemesiz-hibe\/"},"wordCount":541,"publisher":{"@id":"https:\/\/sibiz.eu\/tr\/#organization"},"image":{"@id":"https:\/\/sibiz.eu\/tr\/slovenya-sinir-bolgelerindeki-start-uplar-icin-30-000-avro-geri-odemesiz-hibe\/#primaryimage"},"thumbnailUrl":"https:\/\/sibiz.eu\/wp-content\/uploads\/2026\/01\/Resim1-1.jpg","keywords":["Mevzuat","Slovenya'da i\u015f","Slovenya'da ya\u015fam","Slovenya'da ya\u015famak"],"articleSection":["BLOG","EU","HABERLER","I\u015fletme","Mevzuat","Slovenya'da \u00c7al\u0131\u015fma","Yat\u0131r\u0131m"],"inLanguage":"tr"},{"@type":"WebPage","@id":"https:\/\/sibiz.eu\/tr\/slovenya-sinir-bolgelerindeki-start-uplar-icin-30-000-avro-geri-odemesiz-hibe\/","url":"https:\/\/sibiz.eu\/tr\/slovenya-sinir-bolgelerindeki-start-uplar-icin-30-000-avro-geri-odemesiz-hibe\/","name":"SLOVENYA: SINIR B\u00d6LGELER\u0130NDEK\u0130 START-UP'LAR \u0130\u00c7\u0130N 30.000 AVRO GER\u0130 \u00d6DEMES\u0130Z H\u0130BE - Sibiz d.o.o.","isPartOf":{"@id":"https:\/\/sibiz.eu\/tr\/#website"},"primaryImageOfPage":{"@id":"https:\/\/sibiz.eu\/tr\/slovenya-sinir-bolgelerindeki-start-uplar-icin-30-000-avro-geri-odemesiz-hibe\/#primaryimage"},"image":{"@id":"https:\/\/sibiz.eu\/tr\/slovenya-sinir-bolgelerindeki-start-uplar-icin-30-000-avro-geri-odemesiz-hibe\/#primaryimage"},"thumbnailUrl":"https:\/\/sibiz.eu\/wp-content\/uploads\/2026\/01\/Resim1-1.jpg","datePublished":"2026-02-18T13:45:50+00:00","dateModified":"2026-02-21T12:15:32+00:00","breadcrumb":{"@id":"https:\/\/sibiz.eu\/tr\/slovenya-sinir-bolgelerindeki-start-uplar-icin-30-000-avro-geri-odemesiz-hibe\/#breadcrumb"},"inLanguage":"tr","potentialAction":[{"@type":"ReadAction","target":["https:\/\/sibiz.eu\/tr\/slovenya-sinir-bolgelerindeki-start-uplar-icin-30-000-avro-geri-odemesiz-hibe\/"]}]},{"@type":"ImageObject","inLanguage":"tr","@id":"https:\/\/sibiz.eu\/tr\/slovenya-sinir-bolgelerindeki-start-uplar-icin-30-000-avro-geri-odemesiz-hibe\/#primaryimage","url":"https:\/\/sibiz.eu\/wp-content\/uploads\/2026\/01\/Resim1-1.jpg","contentUrl":"https:\/\/sibiz.eu\/wp-content\/uploads\/2026\/01\/Resim1-1.jpg","width":1827,"height":1216},{"@type":"BreadcrumbList","@id":"https:\/\/sibiz.eu\/tr\/slovenya-sinir-bolgelerindeki-start-uplar-icin-30-000-avro-geri-odemesiz-hibe\/#breadcrumb","itemListElement":[{"@type":"ListItem","position":1,"name":"Home","item":"https:\/\/sibiz.eu\/tr\/"},{"@type":"ListItem","position":2,"name":"SLOVENYA: SINIR B\u00d6LGELER\u0130NDEK\u0130 START-UP&#8217;LAR \u0130\u00c7\u0130N 30.000 AVRO GER\u0130 \u00d6DEMES\u0130Z H\u0130BE"}]},{"@type":"WebSite","@id":"https:\/\/sibiz.eu\/tr\/#website","url":"https:\/\/sibiz.eu\/tr\/","name":"Sibiz d.o.o.","description":"Sibiz d.o.o. is a premier provider of advanced ASIC, FPGA, Firmware and Software design services and is actively developing soft IP Cores, high-performance processors, data-communication network processors and switches used as infrastructure blocks in building complex SoC products for communications and a variety of embedded applications.","publisher":{"@id":"https:\/\/sibiz.eu\/tr\/#organization"},"potentialAction":[{"@type":"SearchAction","target":{"@type":"EntryPoint","urlTemplate":"https:\/\/sibiz.eu\/tr\/?s={search_term_string}"},"query-input":{"@type":"PropertyValueSpecification","valueRequired":true,"valueName":"search_term_string"}}],"inLanguage":"tr"},{"@type":"Organization","@id":"https:\/\/sibiz.eu\/tr\/#organization","name":"Sibiz d.o.o.","url":"https:\/\/sibiz.eu\/tr\/","logo":{"@type":"ImageObject","inLanguage":"tr","@id":"https:\/\/sibiz.eu\/tr\/#\/schema\/logo\/image\/","url":"https:\/\/sibiz.eu\/wp-content\/uploads\/2024\/07\/cropped-favicon_sibiz.png","contentUrl":"https:\/\/sibiz.eu\/wp-content\/uploads\/2024\/07\/cropped-favicon_sibiz.png","width":512,"height":512,"caption":"Sibiz d.o.o."},"image":{"@id":"https:\/\/sibiz.eu\/tr\/#\/schema\/logo\/image\/"}},{"@type":"Person","@id":"https:\/\/sibiz.eu\/tr\/#\/schema\/person\/70bdc0ba03615188934639f9ddc6e880","name":"Eymen Erakkaya","url":"https:\/\/sibiz.eu\/tr\/author\/eymene\/"}]}},"_links":{"self":[{"href":"https:\/\/sibiz.eu\/tr\/wp-json\/wp\/v2\/posts\/15332","targetHints":{"allow":["GET"]}}],"collection":[{"href":"https:\/\/sibiz.eu\/tr\/wp-json\/wp\/v2\/posts"}],"about":[{"href":"https:\/\/sibiz.eu\/tr\/wp-json\/wp\/v2\/types\/post"}],"author":[{"embeddable":true,"href":"https:\/\/sibiz.eu\/tr\/wp-json\/wp\/v2\/users\/8"}],"replies":[{"embeddable":true,"href":"https:\/\/sibiz.eu\/tr\/wp-json\/wp\/v2\/comments?post=15332"}],"version-history":[{"count":1,"href":"https:\/\/sibiz.eu\/tr\/wp-json\/wp\/v2\/posts\/15332\/revisions"}],"predecessor-version":[{"id":15333,"href":"https:\/\/sibiz.eu\/tr\/wp-json\/wp\/v2\/posts\/15332\/revisions\/15333"}],"wp:featuredmedia":[{"embeddable":true,"href":"https:\/\/sibiz.eu\/tr\/wp-json\/wp\/v2\/media\/14707"}],"wp:attachment":[{"href":"https:\/\/sibiz.eu\/tr\/wp-json\/wp\/v2\/media?parent=15332"}],"wp:term":[{"taxonomy":"category","embeddable":true,"href":"https:\/\/sibiz.eu\/tr\/wp-json\/wp\/v2\/categories?post=15332"},{"taxonomy":"post_tag","embeddable":true,"href":"https:\/\/sibiz.eu\/tr\/wp-json\/wp\/v2\/tags?post=15332"}],"curies":[{"name":"wp","href":"https:\/\/api.w.org\/{rel}","templated":true}]}}