{"id":15328,"date":"2026-02-18T13:49:48","date_gmt":"2026-02-18T13:49:48","guid":{"rendered":"https:\/\/sibiz.eu\/ab-1-temmuz-2026dan-itibaren-kucuk-paketlere-3-avroluk-gumruk-vergisi-getiriyor-150-avroluk-muafiyet-sona-eriyor-ve-e-ticarete-buyuk-etki\/"},"modified":"2026-02-21T12:01:52","modified_gmt":"2026-02-21T12:01:52","slug":"ab-1-temmuz-2026dan-itibaren-kucuk-paketlere-3-avroluk-gumruk-vergisi-getiriyor-150-avroluk-muafiyet-sona-eriyor-ve-e-ticarete-buyuk-etki","status":"publish","type":"post","link":"https:\/\/sibiz.eu\/tr\/ab-1-temmuz-2026dan-itibaren-kucuk-paketlere-3-avroluk-gumruk-vergisi-getiriyor-150-avroluk-muafiyet-sona-eriyor-ve-e-ticarete-buyuk-etki\/","title":{"rendered":"AB, 1 Temmuz 2026&#8217;dan \u0130tibaren K\u00fc\u00e7\u00fck Paketlere 3 Avroluk G\u00fcmr\u00fck Vergisi Getiriyor, 150 Avroluk Muafiyet Sona Eriyor Ve E-Ticareti B\u00fcy\u00fck Etkileyecek"},"content":{"rendered":"\n<p><\/p>\n\n<figure class=\" wp-block-image is-resized eplus-wrapper\"><img decoding=\"async\" src=\"https:\/\/sibiz.eu\/wp-content\/uploads\/2025\/10\/iStock_000001836500Medium.jpg\" alt=\"\" style=\"aspect-ratio:1.5057824289993553;width:1340px;height:auto\"\/><\/figure>\n\n<p class=\" eplus-wrapper\">11 \u015eubat 2026 tarihinde, Avrupa Birli\u011fi Konseyi, s\u0131n\u0131r \u00f6tesi e-ticareti \u00f6nemli \u00f6l\u00e7\u00fcde etkileyecek yeni bir g\u00fcmr\u00fck tedbirini onaylad\u0131.<\/p>\n\n<p class=\" eplus-wrapper\">1 Temmuz 2026 tarihinden itibaren AB, \u00fc\u00e7\u00fcnc\u00fc \u00fclkelerden ithal edilen k\u00fc\u00e7\u00fck paketlere 3 avroluk g\u00fcmr\u00fck vergisi uygulayacak.<\/p>\n\n<p class=\" eplus-wrapper\">Bu, de\u011feri 150 avronun alt\u0131nda olan g\u00f6nderiler i\u00e7in uzun s\u00fcredir ge\u00e7erli olan muafiyetin sona erdi\u011fini i\u015faret etmektedir.<\/p>\n\n<p class=\" eplus-wrapper\"><p><strong>Neler De\u011fi\u015fiyor?<\/strong><\/p><\/p>\n\n<p class=\" eplus-wrapper\"><p><strong>\u00d6nemli de\u011fi\u015fiklik:<\/strong> 150 avroluk muafiyetin kald\u0131r\u0131lmas\u0131<\/p><\/p>\n\n<p class=\" eplus-wrapper\">\u015eimdiye kadar, \u00fc\u00e7\u00fcnc\u00fc \u00fclkelerden AB t\u00fcketicilerine do\u011frudan g\u00f6nderilen 150 avrodan daha d\u00fc\u015f\u00fck de\u011ferdeki paketler i\u00e7in g\u00fcmr\u00fck vergileri muaf tutuluyordu.<\/p>\n\n<p class=\" eplus-wrapper\"><p><strong>1 Temmuz 2026&#8217;dan itibaren:<\/strong><\/p><\/p>\n\n<p class=\" eplus-wrapper\">Bir paketteki her bir tarife kalemi i\u00e7in 3 avroluk ge\u00e7ici sabit g\u00fcmr\u00fck vergisi uygulanacakt\u0131r.<\/p>\n\n<p class=\" eplus-wrapper\"><p><strong>\u00d6nemli:<\/strong> Bu, paket ba\u015f\u0131na 3 avro de\u011fildir. Her farkl\u0131 tarife s\u0131n\u0131fland\u0131rmas\u0131 i\u00e7in 3 avrodur.<\/p><\/p>\n\n<p class=\" eplus-wrapper\"><p><strong>\u00d6rnek:<\/strong><br\/>Bir paket bir ipek bluz ve iki y\u00fcn bluz i\u00e7eriyorsa, iki tarife alt ba\u015fl\u0131\u011f\u0131 uygulan\u0131r. Toplam g\u00fcmr\u00fck vergisi: 6 EUR.<\/p><\/p>\n\n<p class=\" eplus-wrapper\"><p><strong>AB&#8217;nin Bu \u00d6nlemi Neden Getirdi\u011fi<\/strong><\/p><\/p>\n<ul class=\" wp-block-list eplus-wrapper eplus-styles-uid-cbe79a\">\n<li class=\" eplus-wrapper\">Avrupa Komisyonu&#8217;na g\u00f6re, 2024 y\u0131l\u0131nda 4,6 milyar k\u00fc\u00e7\u00fck paket AB&#8217;ye giri\u015f yapt\u0131.<\/li>\n\n\n\n<li class=\" eplus-wrapper\">Y\u00fczde 91&#8217;i \u00c7in men\u015felidir ve genellikle Temu ve Shein gibi platformlar arac\u0131l\u0131\u011f\u0131yla sat\u0131lmaktad\u0131r.<\/li>\n\n\n\n<li class=\" eplus-wrapper\">2022&#8217;den bu yana paket hacimleri her y\u0131l iki kat\u0131na \u00e7\u0131kt\u0131.<\/li>\n<\/ul>\n<p class=\" eplus-wrapper\"><p><strong>Avrupal\u0131 t\u00fcccarlar \u015fu konularda endi\u015felerini dile getirdiler:<\/strong><\/p><\/p>\n<ul class=\" wp-block-list eplus-wrapper eplus-styles-uid-a32ab0\">\n<li class=\" eplus-wrapper\">AB \u00fcr\u00fcn g\u00fcvenli\u011fi kurallar\u0131n\u0131n e\u015fit olmayan \u015fekilde uygulanmas\u0131<\/li>\n\n\n\n<li class=\" eplus-wrapper\">AB tek pazar\u0131nda \u00e7arp\u0131k rekabet<\/li>\n\n\n\n<li class=\" eplus-wrapper\">Fiyatland\u0131rma ve marjlar \u00fczerindeki bask\u0131<\/li>\n<\/ul>\n<p class=\" eplus-wrapper\">3 avroluk vergi, 2028 y\u0131l\u0131nda faaliyete ge\u00e7mesi beklenen bir AB g\u00fcmr\u00fck veri merkezinin olu\u015fturulmas\u0131n\u0131 da i\u00e7eren daha geni\u015f kapsaml\u0131 bir AB g\u00fcmr\u00fck reformunun par\u00e7as\u0131d\u0131r.<\/p>\n\n<p class=\" eplus-wrapper\"><p><strong>Zaman \u00c7er\u00e7evesi<\/strong><\/p><\/p>\n\n<p class=\" eplus-wrapper\">1 Temmuz 2026&#8217;dan 1 Temmuz 2028&#8217;e kadar ge\u00e7ici olarak 3 \u20ac g\u00fcmr\u00fck vergisi uygulanacakt\u0131r.<\/p>\n\n<p class=\" eplus-wrapper\">Bundan sonra, reformdan ge\u00e7en AB g\u00fcmr\u00fck \u00e7er\u00e7evesi kapsam\u0131nda yeni bir sistemin y\u00fcr\u00fcrl\u00fc\u011fe girmesi beklenmektedir.<\/p>\n\n<p class=\" eplus-wrapper\">Gerekirse ge\u00e7ici rejim uzat\u0131labilir.<\/p>\n\n<p class=\" eplus-wrapper\"><p><strong>\u0130\u015fletmeler \u00dczerindeki Etkisi<\/strong><\/p><\/p>\n\n<p class=\" eplus-wrapper\"><p><strong>AB merkezli \u015firketler i\u00e7in:<\/strong><\/p><\/p>\n<ul class=\" wp-block-list eplus-wrapper eplus-styles-uid-09561c\">\n<li class=\" eplus-wrapper\">Tek pazarda daha e\u015fit \u015fartlar<\/li>\n\n\n\n<li class=\" eplus-wrapper\">Ultra d\u00fc\u015f\u00fck maliyetli ithalat\u0131n fiyat bask\u0131s\u0131n\u0131n k\u0131smi azalmas\u0131<\/li>\n\n\n\n<li class=\" eplus-wrapper\">Uyum standartlar\u0131n\u0131n daha s\u0131k\u0131 bir \u015fekilde uygulanmas\u0131<\/li>\n<\/ul>\n<p class=\" eplus-wrapper\"><p><strong>K\u00fc\u00e7\u00fck sevkiyatlar\u0131n ithalat\u00e7\u0131lar\u0131 i\u00e7in:<\/strong><\/p><\/p>\n<ul class=\" wp-block-list eplus-wrapper eplus-styles-uid-5bbba2\">\n<li class=\" eplus-wrapper\">Daha y\u00fcksek teslimat maliyetleri<\/li>\n\n\n\n<li class=\" eplus-wrapper\">Do\u011fru tarife s\u0131n\u0131fland\u0131rmas\u0131n\u0131n \u00f6nemi art\u0131yor<\/li>\n\n\n\n<li class=\" eplus-wrapper\">Fiyatland\u0131rma modelleri ve marjlar \u00fczerindeki etkisi<\/li>\n\n\n\n<li class=\" eplus-wrapper\">Lojistik yap\u0131lar\u0131n yeniden de\u011ferlendirilmesi gerekiyor<\/li>\n<\/ul>\n<p class=\" eplus-wrapper\">Yanl\u0131\u015f s\u0131n\u0131fland\u0131rma, finansal ve uyum riskini art\u0131r\u0131r.<\/p>\n\n<p class=\" eplus-wrapper\"><p><strong>T\u00fcketiciler \u00dczerindeki Etkisi<\/strong><\/p><\/p>\n<ul class=\" wp-block-list eplus-wrapper eplus-styles-uid-2f0e4c\">\n<li class=\" eplus-wrapper\">Baz\u0131 d\u00fc\u015f\u00fck maliyetli \u00fcr\u00fcnlerin nihai fiyatlar\u0131n\u0131n y\u00fckselmesi<\/li>\n\n\n\n<li class=\" eplus-wrapper\">G\u00fcmr\u00fck vergileri konusunda daha fazla \u015feffafl\u0131k<\/li>\n\n\n\n<li class=\" eplus-wrapper\">AB d\u0131\u015f\u0131 sat\u0131c\u0131lar\u0131n ultra d\u00fc\u015f\u00fck fiyatl\u0131 tekliflerinde potansiyel azalma<\/li>\n<\/ul>\n<p class=\" eplus-wrapper\"><p><strong>Bu, \u015firketiniz i\u00e7in ne anlama geliyor?<\/strong><\/p><\/p>\n\n<p class=\" eplus-wrapper\"><p><strong>E\u011fer siz:<\/strong><\/p><\/p>\n<ul class=\" wp-block-list eplus-wrapper eplus-styles-uid-c67b29\">\n<li class=\" eplus-wrapper\">\u00dc\u00e7\u00fcnc\u00fc \u00fclkelerden mal ithalat\u0131<\/li>\n\n\n\n<li class=\" eplus-wrapper\">K\u00fcresel e-ticaret platformlar\u0131 \u00fczerinden sat\u0131\u015f yap\u0131n<\/li>\n\n\n\n<li class=\" eplus-wrapper\">K\u00fc\u00e7\u00fck paket g\u00f6nderileriyle yerine getirme modellerini i\u015fletin<\/li>\n\n\n\n<li class=\" eplus-wrapper\">AB pazar\u0131na geni\u015fleme plan\u0131<\/li>\n<\/ul>\n<p class=\" eplus-wrapper\"><p><strong>\u015eimdi yapman\u0131z gerekenler:<\/strong><\/p><\/p>\n<ul class=\" wp-block-list eplus-wrapper eplus-styles-uid-41adf5\">\n<li class=\" eplus-wrapper\">\u00dcr\u00fcnlerinizin tarife s\u0131n\u0131fland\u0131rmas\u0131n\u0131 g\u00f6zden ge\u00e7irin<\/li>\n\n\n\n<li class=\" eplus-wrapper\">Sevkiyat yap\u0131s\u0131n\u0131 ve paketleme stratejisini de\u011ferlendirin<\/li>\n\n\n\n<li class=\" eplus-wrapper\">Tarife kalemi ba\u015f\u0131na 3 avronun marjlar \u00fczerindeki etkisini modelleyin<\/li>\n\n\n\n<li class=\" eplus-wrapper\">Fiyatland\u0131rma ve maliyet tahminlerini g\u00fcncelleyin<\/li>\n\n\n\n<li class=\" eplus-wrapper\">Uyum s\u00fcre\u00e7lerini yeni AB g\u00fcmr\u00fck \u00e7er\u00e7evesine uyumlu hale getirin<\/li>\n<\/ul>\n<p class=\" eplus-wrapper\">Erken uyum, d\u00fczenleyici riskleri azalt\u0131r ve karl\u0131l\u0131\u011f\u0131 korur.<\/p>\n\n<p class=\" eplus-wrapper\"><p><strong>SIBIZ hakk\u0131nda<\/strong><\/p><\/p>\n\n<p class=\" eplus-wrapper\">SIBIZ d.o.o., Slovenya merkezli bir dan\u0131\u015fmanl\u0131k \u015firketidir ve yabanc\u0131 bireyler, dijital g\u00f6\u00e7ebeler, \u015firketler, yat\u0131r\u0131mc\u0131lar, i\u015f profesyonelleri ve kurumsal m\u00fc\u015fterilere destek vermektedir.<\/p>\n\n<p class=\" eplus-wrapper\">AB&#8217;de ikamet ve \u00e7al\u0131\u015fma izinleri, \u015firket kurulu\u015fu ve kurumsal yap\u0131land\u0131rma, vergi ve muhasebe dan\u0131\u015fmanl\u0131\u011f\u0131, mevzuata uygunluk ve do\u011frudan yabanc\u0131 yat\u0131r\u0131mlar i\u00e7in destek konular\u0131nda kapsaml\u0131 hizmetler sunuyoruz.<\/p>\n\n<p class=\" eplus-wrapper\"><p>M\u00fc\u015fterilerimizin Slovenya ve daha geni\u015f AB pazar\u0131na yap\u0131land\u0131r\u0131lm\u0131\u015f ve uyumlu bir \u015fekilde girmesine ve faaliyet g\u00f6stermesine yard\u0131mc\u0131 oluyoruz.<\/p><p><strong>Daha fazla bilgi i\u00e7in: <\/strong><a href=\"http:\/\/www.sibiz.eu\" data-mce-href=\"http:\/\/www.sibiz.eu\"><strong>www.sibiz.eu<\/strong><\/a><\/p><\/p>\n\n<p class=\" eplus-wrapper\"><\/p>\n","protected":false},"excerpt":{"rendered":"<p>11 \u015eubat 2026 tarihinde, Avrupa Birli\u011fi Konseyi, s\u0131n\u0131r \u00f6tesi e-ticareti \u00f6nemli \u00f6l\u00e7\u00fcde etkileyecek yeni bir g\u00fcmr\u00fck tedbirini onaylad\u0131. 1 Temmuz 2026 tarihinden itibaren AB, \u00fc\u00e7\u00fcnc\u00fc \u00fclkelerden ithal edilen k\u00fc\u00e7\u00fck paketlere 3 avroluk g\u00fcmr\u00fck vergisi uygulayacak. Bu, de\u011feri 150 avronun alt\u0131nda olan g\u00f6nderiler i\u00e7in uzun s\u00fcredir ge\u00e7erli olan muafiyetin sona erdi\u011fini i\u015faret etmektedir. Neler De\u011fi\u015fiyor? \u00d6nemli [&hellip;]<\/p>\n","protected":false},"author":8,"featured_media":13928,"comment_status":"closed","ping_status":"closed","sticky":false,"template":"","format":"standard","meta":{"_acf_changed":false,"_editorskit_title_hidden":false,"_editorskit_reading_time":0,"_editorskit_is_block_options_detached":false,"_editorskit_block_options_position":"{}","editor_plus_copied_stylings":"{}","footnotes":""},"categories":[1033,1035,1029,1038,1037,1077,1036],"tags":[1065,1060,1067],"class_list":["post-15328","post","type-post","status-publish","format-standard","has-post-thumbnail","hentry","category-blog-tr","category-eu-tr","category-haberler","category-isletme","category-mevzuat","category-uluslararasi-ticaret","category-vergilendirme","tag-mevzuat","tag-slovenyada-is","tag-slovenyada-yasam"],"acf":[],"yoast_head":"<!-- This site is optimized with the Yoast SEO plugin v27.4 - https:\/\/yoast.com\/product\/yoast-seo-wordpress\/ -->\n<title>AB, 1 Temmuz 2026&#039;dan \u0130tibaren K\u00fc\u00e7\u00fck Paketlere 3 Avroluk G\u00fcmr\u00fck Vergisi Getiriyor, 150 Avroluk Muafiyet Sona Eriyor Ve E-Ticareti B\u00fcy\u00fck Etkileyecek - Sibiz d.o.o.<\/title>\n<meta name=\"robots\" content=\"index, follow, max-snippet:-1, max-image-preview:large, max-video-preview:-1\" \/>\n<link rel=\"canonical\" href=\"https:\/\/sibiz.eu\/tr\/ab-1-temmuz-2026dan-itibaren-kucuk-paketlere-3-avroluk-gumruk-vergisi-getiriyor-150-avroluk-muafiyet-sona-eriyor-ve-e-ticarete-buyuk-etki\/\" \/>\n<meta property=\"og:locale\" content=\"tr_TR\" \/>\n<meta property=\"og:type\" content=\"article\" \/>\n<meta property=\"og:title\" content=\"AB, 1 Temmuz 2026&#039;dan \u0130tibaren K\u00fc\u00e7\u00fck Paketlere 3 Avroluk G\u00fcmr\u00fck Vergisi Getiriyor, 150 Avroluk Muafiyet Sona Eriyor Ve E-Ticareti B\u00fcy\u00fck Etkileyecek - Sibiz d.o.o.\" \/>\n<meta property=\"og:description\" content=\"11 \u015eubat 2026 tarihinde, Avrupa Birli\u011fi Konseyi, s\u0131n\u0131r \u00f6tesi e-ticareti \u00f6nemli \u00f6l\u00e7\u00fcde etkileyecek yeni bir g\u00fcmr\u00fck tedbirini onaylad\u0131. 1 Temmuz 2026 tarihinden itibaren AB, \u00fc\u00e7\u00fcnc\u00fc \u00fclkelerden ithal edilen k\u00fc\u00e7\u00fck paketlere 3 avroluk g\u00fcmr\u00fck vergisi uygulayacak. Bu, de\u011feri 150 avronun alt\u0131nda olan g\u00f6nderiler i\u00e7in uzun s\u00fcredir ge\u00e7erli olan muafiyetin sona erdi\u011fini i\u015faret etmektedir. Neler De\u011fi\u015fiyor? \u00d6nemli [&hellip;]\" \/>\n<meta property=\"og:url\" content=\"https:\/\/sibiz.eu\/tr\/ab-1-temmuz-2026dan-itibaren-kucuk-paketlere-3-avroluk-gumruk-vergisi-getiriyor-150-avroluk-muafiyet-sona-eriyor-ve-e-ticarete-buyuk-etki\/\" \/>\n<meta property=\"og:site_name\" content=\"Sibiz d.o.o.\" \/>\n<meta property=\"article:published_time\" content=\"2026-02-18T13:49:48+00:00\" \/>\n<meta property=\"article:modified_time\" content=\"2026-02-21T12:01:52+00:00\" \/>\n<meta property=\"og:image\" content=\"https:\/\/sibiz.eu\/wp-content\/uploads\/2025\/10\/iStock_000001836500Medium.jpg\" \/>\n\t<meta property=\"og:image:width\" content=\"1700\" \/>\n\t<meta property=\"og:image:height\" content=\"1129\" \/>\n\t<meta property=\"og:image:type\" content=\"image\/jpeg\" \/>\n<meta name=\"author\" content=\"Eymen Erakkaya\" \/>\n<meta name=\"twitter:card\" content=\"summary_large_image\" \/>\n<meta name=\"twitter:label1\" content=\"Yazan:\" \/>\n\t<meta name=\"twitter:data1\" content=\"Eymen Erakkaya\" \/>\n\t<meta name=\"twitter:label2\" content=\"Tahmini okuma s\u00fcresi\" \/>\n\t<meta name=\"twitter:data2\" content=\"3 dakika\" \/>\n<script type=\"application\/ld+json\" class=\"yoast-schema-graph\">{\"@context\":\"https:\\\/\\\/schema.org\",\"@graph\":[{\"@type\":\"Article\",\"@id\":\"https:\\\/\\\/sibiz.eu\\\/tr\\\/ab-1-temmuz-2026dan-itibaren-kucuk-paketlere-3-avroluk-gumruk-vergisi-getiriyor-150-avroluk-muafiyet-sona-eriyor-ve-e-ticarete-buyuk-etki\\\/#article\",\"isPartOf\":{\"@id\":\"https:\\\/\\\/sibiz.eu\\\/tr\\\/ab-1-temmuz-2026dan-itibaren-kucuk-paketlere-3-avroluk-gumruk-vergisi-getiriyor-150-avroluk-muafiyet-sona-eriyor-ve-e-ticarete-buyuk-etki\\\/\"},\"author\":{\"name\":\"Eymen Erakkaya\",\"@id\":\"https:\\\/\\\/sibiz.eu\\\/tr\\\/#\\\/schema\\\/person\\\/70bdc0ba03615188934639f9ddc6e880\"},\"headline\":\"AB, 1 Temmuz 2026&#8217;dan \u0130tibaren K\u00fc\u00e7\u00fck Paketlere 3 Avroluk G\u00fcmr\u00fck Vergisi Getiriyor, 150 Avroluk Muafiyet Sona Eriyor Ve E-Ticareti B\u00fcy\u00fck Etkileyecek\",\"datePublished\":\"2026-02-18T13:49:48+00:00\",\"dateModified\":\"2026-02-21T12:01:52+00:00\",\"mainEntityOfPage\":{\"@id\":\"https:\\\/\\\/sibiz.eu\\\/tr\\\/ab-1-temmuz-2026dan-itibaren-kucuk-paketlere-3-avroluk-gumruk-vergisi-getiriyor-150-avroluk-muafiyet-sona-eriyor-ve-e-ticarete-buyuk-etki\\\/\"},\"wordCount\":695,\"publisher\":{\"@id\":\"https:\\\/\\\/sibiz.eu\\\/tr\\\/#organization\"},\"image\":{\"@id\":\"https:\\\/\\\/sibiz.eu\\\/tr\\\/ab-1-temmuz-2026dan-itibaren-kucuk-paketlere-3-avroluk-gumruk-vergisi-getiriyor-150-avroluk-muafiyet-sona-eriyor-ve-e-ticarete-buyuk-etki\\\/#primaryimage\"},\"thumbnailUrl\":\"https:\\\/\\\/sibiz.eu\\\/wp-content\\\/uploads\\\/2025\\\/10\\\/iStock_000001836500Medium.jpg\",\"keywords\":[\"Mevzuat\",\"Slovenya'da i\u015f\",\"Slovenya'da ya\u015fam\"],\"articleSection\":[\"BLOG\",\"EU\",\"HABERLER\",\"I\u015fletme\",\"Mevzuat\",\"Uluslararas\u0131 ticaret\",\"Vergilendirme\"],\"inLanguage\":\"tr\"},{\"@type\":\"WebPage\",\"@id\":\"https:\\\/\\\/sibiz.eu\\\/tr\\\/ab-1-temmuz-2026dan-itibaren-kucuk-paketlere-3-avroluk-gumruk-vergisi-getiriyor-150-avroluk-muafiyet-sona-eriyor-ve-e-ticarete-buyuk-etki\\\/\",\"url\":\"https:\\\/\\\/sibiz.eu\\\/tr\\\/ab-1-temmuz-2026dan-itibaren-kucuk-paketlere-3-avroluk-gumruk-vergisi-getiriyor-150-avroluk-muafiyet-sona-eriyor-ve-e-ticarete-buyuk-etki\\\/\",\"name\":\"AB, 1 Temmuz 2026'dan \u0130tibaren K\u00fc\u00e7\u00fck Paketlere 3 Avroluk G\u00fcmr\u00fck Vergisi Getiriyor, 150 Avroluk Muafiyet Sona Eriyor Ve E-Ticareti B\u00fcy\u00fck Etkileyecek - Sibiz d.o.o.\",\"isPartOf\":{\"@id\":\"https:\\\/\\\/sibiz.eu\\\/tr\\\/#website\"},\"primaryImageOfPage\":{\"@id\":\"https:\\\/\\\/sibiz.eu\\\/tr\\\/ab-1-temmuz-2026dan-itibaren-kucuk-paketlere-3-avroluk-gumruk-vergisi-getiriyor-150-avroluk-muafiyet-sona-eriyor-ve-e-ticarete-buyuk-etki\\\/#primaryimage\"},\"image\":{\"@id\":\"https:\\\/\\\/sibiz.eu\\\/tr\\\/ab-1-temmuz-2026dan-itibaren-kucuk-paketlere-3-avroluk-gumruk-vergisi-getiriyor-150-avroluk-muafiyet-sona-eriyor-ve-e-ticarete-buyuk-etki\\\/#primaryimage\"},\"thumbnailUrl\":\"https:\\\/\\\/sibiz.eu\\\/wp-content\\\/uploads\\\/2025\\\/10\\\/iStock_000001836500Medium.jpg\",\"datePublished\":\"2026-02-18T13:49:48+00:00\",\"dateModified\":\"2026-02-21T12:01:52+00:00\",\"breadcrumb\":{\"@id\":\"https:\\\/\\\/sibiz.eu\\\/tr\\\/ab-1-temmuz-2026dan-itibaren-kucuk-paketlere-3-avroluk-gumruk-vergisi-getiriyor-150-avroluk-muafiyet-sona-eriyor-ve-e-ticarete-buyuk-etki\\\/#breadcrumb\"},\"inLanguage\":\"tr\",\"potentialAction\":[{\"@type\":\"ReadAction\",\"target\":[\"https:\\\/\\\/sibiz.eu\\\/tr\\\/ab-1-temmuz-2026dan-itibaren-kucuk-paketlere-3-avroluk-gumruk-vergisi-getiriyor-150-avroluk-muafiyet-sona-eriyor-ve-e-ticarete-buyuk-etki\\\/\"]}]},{\"@type\":\"ImageObject\",\"inLanguage\":\"tr\",\"@id\":\"https:\\\/\\\/sibiz.eu\\\/tr\\\/ab-1-temmuz-2026dan-itibaren-kucuk-paketlere-3-avroluk-gumruk-vergisi-getiriyor-150-avroluk-muafiyet-sona-eriyor-ve-e-ticarete-buyuk-etki\\\/#primaryimage\",\"url\":\"https:\\\/\\\/sibiz.eu\\\/wp-content\\\/uploads\\\/2025\\\/10\\\/iStock_000001836500Medium.jpg\",\"contentUrl\":\"https:\\\/\\\/sibiz.eu\\\/wp-content\\\/uploads\\\/2025\\\/10\\\/iStock_000001836500Medium.jpg\",\"width\":1700,\"height\":1129},{\"@type\":\"BreadcrumbList\",\"@id\":\"https:\\\/\\\/sibiz.eu\\\/tr\\\/ab-1-temmuz-2026dan-itibaren-kucuk-paketlere-3-avroluk-gumruk-vergisi-getiriyor-150-avroluk-muafiyet-sona-eriyor-ve-e-ticarete-buyuk-etki\\\/#breadcrumb\",\"itemListElement\":[{\"@type\":\"ListItem\",\"position\":1,\"name\":\"Home\",\"item\":\"https:\\\/\\\/sibiz.eu\\\/tr\\\/\"},{\"@type\":\"ListItem\",\"position\":2,\"name\":\"AB, 1 Temmuz 2026&#8217;dan \u0130tibaren K\u00fc\u00e7\u00fck Paketlere 3 Avroluk G\u00fcmr\u00fck Vergisi Getiriyor, 150 Avroluk Muafiyet Sona Eriyor Ve E-Ticareti B\u00fcy\u00fck Etkileyecek\"}]},{\"@type\":\"WebSite\",\"@id\":\"https:\\\/\\\/sibiz.eu\\\/tr\\\/#website\",\"url\":\"https:\\\/\\\/sibiz.eu\\\/tr\\\/\",\"name\":\"Sibiz d.o.o.\",\"description\":\"Sibiz d.o.o. is a premier provider of advanced ASIC, FPGA, Firmware and Software design services and is actively developing soft IP Cores, high-performance processors, data-communication network processors and switches used as infrastructure blocks in building complex SoC products for communications and a variety of embedded applications.\",\"publisher\":{\"@id\":\"https:\\\/\\\/sibiz.eu\\\/tr\\\/#organization\"},\"potentialAction\":[{\"@type\":\"SearchAction\",\"target\":{\"@type\":\"EntryPoint\",\"urlTemplate\":\"https:\\\/\\\/sibiz.eu\\\/tr\\\/?s={search_term_string}\"},\"query-input\":{\"@type\":\"PropertyValueSpecification\",\"valueRequired\":true,\"valueName\":\"search_term_string\"}}],\"inLanguage\":\"tr\"},{\"@type\":\"Organization\",\"@id\":\"https:\\\/\\\/sibiz.eu\\\/tr\\\/#organization\",\"name\":\"Sibiz d.o.o.\",\"url\":\"https:\\\/\\\/sibiz.eu\\\/tr\\\/\",\"logo\":{\"@type\":\"ImageObject\",\"inLanguage\":\"tr\",\"@id\":\"https:\\\/\\\/sibiz.eu\\\/tr\\\/#\\\/schema\\\/logo\\\/image\\\/\",\"url\":\"https:\\\/\\\/sibiz.eu\\\/wp-content\\\/uploads\\\/2024\\\/07\\\/cropped-favicon_sibiz.png\",\"contentUrl\":\"https:\\\/\\\/sibiz.eu\\\/wp-content\\\/uploads\\\/2024\\\/07\\\/cropped-favicon_sibiz.png\",\"width\":512,\"height\":512,\"caption\":\"Sibiz d.o.o.\"},\"image\":{\"@id\":\"https:\\\/\\\/sibiz.eu\\\/tr\\\/#\\\/schema\\\/logo\\\/image\\\/\"}},{\"@type\":\"Person\",\"@id\":\"https:\\\/\\\/sibiz.eu\\\/tr\\\/#\\\/schema\\\/person\\\/70bdc0ba03615188934639f9ddc6e880\",\"name\":\"Eymen Erakkaya\",\"url\":\"https:\\\/\\\/sibiz.eu\\\/tr\\\/author\\\/eymene\\\/\"}]}<\/script>\n<!-- \/ Yoast SEO plugin. -->","yoast_head_json":{"title":"AB, 1 Temmuz 2026'dan \u0130tibaren K\u00fc\u00e7\u00fck Paketlere 3 Avroluk G\u00fcmr\u00fck Vergisi Getiriyor, 150 Avroluk Muafiyet Sona Eriyor Ve E-Ticareti B\u00fcy\u00fck Etkileyecek - Sibiz d.o.o.","robots":{"index":"index","follow":"follow","max-snippet":"max-snippet:-1","max-image-preview":"max-image-preview:large","max-video-preview":"max-video-preview:-1"},"canonical":"https:\/\/sibiz.eu\/tr\/ab-1-temmuz-2026dan-itibaren-kucuk-paketlere-3-avroluk-gumruk-vergisi-getiriyor-150-avroluk-muafiyet-sona-eriyor-ve-e-ticarete-buyuk-etki\/","og_locale":"tr_TR","og_type":"article","og_title":"AB, 1 Temmuz 2026'dan \u0130tibaren K\u00fc\u00e7\u00fck Paketlere 3 Avroluk G\u00fcmr\u00fck Vergisi Getiriyor, 150 Avroluk Muafiyet Sona Eriyor Ve E-Ticareti B\u00fcy\u00fck Etkileyecek - Sibiz d.o.o.","og_description":"11 \u015eubat 2026 tarihinde, Avrupa Birli\u011fi Konseyi, s\u0131n\u0131r \u00f6tesi e-ticareti \u00f6nemli \u00f6l\u00e7\u00fcde etkileyecek yeni bir g\u00fcmr\u00fck tedbirini onaylad\u0131. 1 Temmuz 2026 tarihinden itibaren AB, \u00fc\u00e7\u00fcnc\u00fc \u00fclkelerden ithal edilen k\u00fc\u00e7\u00fck paketlere 3 avroluk g\u00fcmr\u00fck vergisi uygulayacak. Bu, de\u011feri 150 avronun alt\u0131nda olan g\u00f6nderiler i\u00e7in uzun s\u00fcredir ge\u00e7erli olan muafiyetin sona erdi\u011fini i\u015faret etmektedir. Neler De\u011fi\u015fiyor? \u00d6nemli [&hellip;]","og_url":"https:\/\/sibiz.eu\/tr\/ab-1-temmuz-2026dan-itibaren-kucuk-paketlere-3-avroluk-gumruk-vergisi-getiriyor-150-avroluk-muafiyet-sona-eriyor-ve-e-ticarete-buyuk-etki\/","og_site_name":"Sibiz d.o.o.","article_published_time":"2026-02-18T13:49:48+00:00","article_modified_time":"2026-02-21T12:01:52+00:00","og_image":[{"width":1700,"height":1129,"url":"https:\/\/sibiz.eu\/wp-content\/uploads\/2025\/10\/iStock_000001836500Medium.jpg","type":"image\/jpeg"}],"author":"Eymen Erakkaya","twitter_card":"summary_large_image","twitter_misc":{"Yazan:":"Eymen Erakkaya","Tahmini okuma s\u00fcresi":"3 dakika"},"schema":{"@context":"https:\/\/schema.org","@graph":[{"@type":"Article","@id":"https:\/\/sibiz.eu\/tr\/ab-1-temmuz-2026dan-itibaren-kucuk-paketlere-3-avroluk-gumruk-vergisi-getiriyor-150-avroluk-muafiyet-sona-eriyor-ve-e-ticarete-buyuk-etki\/#article","isPartOf":{"@id":"https:\/\/sibiz.eu\/tr\/ab-1-temmuz-2026dan-itibaren-kucuk-paketlere-3-avroluk-gumruk-vergisi-getiriyor-150-avroluk-muafiyet-sona-eriyor-ve-e-ticarete-buyuk-etki\/"},"author":{"name":"Eymen Erakkaya","@id":"https:\/\/sibiz.eu\/tr\/#\/schema\/person\/70bdc0ba03615188934639f9ddc6e880"},"headline":"AB, 1 Temmuz 2026&#8217;dan \u0130tibaren K\u00fc\u00e7\u00fck Paketlere 3 Avroluk G\u00fcmr\u00fck Vergisi Getiriyor, 150 Avroluk Muafiyet Sona Eriyor Ve E-Ticareti B\u00fcy\u00fck Etkileyecek","datePublished":"2026-02-18T13:49:48+00:00","dateModified":"2026-02-21T12:01:52+00:00","mainEntityOfPage":{"@id":"https:\/\/sibiz.eu\/tr\/ab-1-temmuz-2026dan-itibaren-kucuk-paketlere-3-avroluk-gumruk-vergisi-getiriyor-150-avroluk-muafiyet-sona-eriyor-ve-e-ticarete-buyuk-etki\/"},"wordCount":695,"publisher":{"@id":"https:\/\/sibiz.eu\/tr\/#organization"},"image":{"@id":"https:\/\/sibiz.eu\/tr\/ab-1-temmuz-2026dan-itibaren-kucuk-paketlere-3-avroluk-gumruk-vergisi-getiriyor-150-avroluk-muafiyet-sona-eriyor-ve-e-ticarete-buyuk-etki\/#primaryimage"},"thumbnailUrl":"https:\/\/sibiz.eu\/wp-content\/uploads\/2025\/10\/iStock_000001836500Medium.jpg","keywords":["Mevzuat","Slovenya'da i\u015f","Slovenya'da ya\u015fam"],"articleSection":["BLOG","EU","HABERLER","I\u015fletme","Mevzuat","Uluslararas\u0131 ticaret","Vergilendirme"],"inLanguage":"tr"},{"@type":"WebPage","@id":"https:\/\/sibiz.eu\/tr\/ab-1-temmuz-2026dan-itibaren-kucuk-paketlere-3-avroluk-gumruk-vergisi-getiriyor-150-avroluk-muafiyet-sona-eriyor-ve-e-ticarete-buyuk-etki\/","url":"https:\/\/sibiz.eu\/tr\/ab-1-temmuz-2026dan-itibaren-kucuk-paketlere-3-avroluk-gumruk-vergisi-getiriyor-150-avroluk-muafiyet-sona-eriyor-ve-e-ticarete-buyuk-etki\/","name":"AB, 1 Temmuz 2026'dan \u0130tibaren K\u00fc\u00e7\u00fck Paketlere 3 Avroluk G\u00fcmr\u00fck Vergisi Getiriyor, 150 Avroluk Muafiyet Sona Eriyor Ve E-Ticareti B\u00fcy\u00fck Etkileyecek - Sibiz d.o.o.","isPartOf":{"@id":"https:\/\/sibiz.eu\/tr\/#website"},"primaryImageOfPage":{"@id":"https:\/\/sibiz.eu\/tr\/ab-1-temmuz-2026dan-itibaren-kucuk-paketlere-3-avroluk-gumruk-vergisi-getiriyor-150-avroluk-muafiyet-sona-eriyor-ve-e-ticarete-buyuk-etki\/#primaryimage"},"image":{"@id":"https:\/\/sibiz.eu\/tr\/ab-1-temmuz-2026dan-itibaren-kucuk-paketlere-3-avroluk-gumruk-vergisi-getiriyor-150-avroluk-muafiyet-sona-eriyor-ve-e-ticarete-buyuk-etki\/#primaryimage"},"thumbnailUrl":"https:\/\/sibiz.eu\/wp-content\/uploads\/2025\/10\/iStock_000001836500Medium.jpg","datePublished":"2026-02-18T13:49:48+00:00","dateModified":"2026-02-21T12:01:52+00:00","breadcrumb":{"@id":"https:\/\/sibiz.eu\/tr\/ab-1-temmuz-2026dan-itibaren-kucuk-paketlere-3-avroluk-gumruk-vergisi-getiriyor-150-avroluk-muafiyet-sona-eriyor-ve-e-ticarete-buyuk-etki\/#breadcrumb"},"inLanguage":"tr","potentialAction":[{"@type":"ReadAction","target":["https:\/\/sibiz.eu\/tr\/ab-1-temmuz-2026dan-itibaren-kucuk-paketlere-3-avroluk-gumruk-vergisi-getiriyor-150-avroluk-muafiyet-sona-eriyor-ve-e-ticarete-buyuk-etki\/"]}]},{"@type":"ImageObject","inLanguage":"tr","@id":"https:\/\/sibiz.eu\/tr\/ab-1-temmuz-2026dan-itibaren-kucuk-paketlere-3-avroluk-gumruk-vergisi-getiriyor-150-avroluk-muafiyet-sona-eriyor-ve-e-ticarete-buyuk-etki\/#primaryimage","url":"https:\/\/sibiz.eu\/wp-content\/uploads\/2025\/10\/iStock_000001836500Medium.jpg","contentUrl":"https:\/\/sibiz.eu\/wp-content\/uploads\/2025\/10\/iStock_000001836500Medium.jpg","width":1700,"height":1129},{"@type":"BreadcrumbList","@id":"https:\/\/sibiz.eu\/tr\/ab-1-temmuz-2026dan-itibaren-kucuk-paketlere-3-avroluk-gumruk-vergisi-getiriyor-150-avroluk-muafiyet-sona-eriyor-ve-e-ticarete-buyuk-etki\/#breadcrumb","itemListElement":[{"@type":"ListItem","position":1,"name":"Home","item":"https:\/\/sibiz.eu\/tr\/"},{"@type":"ListItem","position":2,"name":"AB, 1 Temmuz 2026&#8217;dan \u0130tibaren K\u00fc\u00e7\u00fck Paketlere 3 Avroluk G\u00fcmr\u00fck Vergisi Getiriyor, 150 Avroluk Muafiyet Sona Eriyor Ve E-Ticareti B\u00fcy\u00fck Etkileyecek"}]},{"@type":"WebSite","@id":"https:\/\/sibiz.eu\/tr\/#website","url":"https:\/\/sibiz.eu\/tr\/","name":"Sibiz d.o.o.","description":"Sibiz d.o.o. is a premier provider of advanced ASIC, FPGA, Firmware and Software design services and is actively developing soft IP Cores, high-performance processors, data-communication network processors and switches used as infrastructure blocks in building complex SoC products for communications and a variety of embedded applications.","publisher":{"@id":"https:\/\/sibiz.eu\/tr\/#organization"},"potentialAction":[{"@type":"SearchAction","target":{"@type":"EntryPoint","urlTemplate":"https:\/\/sibiz.eu\/tr\/?s={search_term_string}"},"query-input":{"@type":"PropertyValueSpecification","valueRequired":true,"valueName":"search_term_string"}}],"inLanguage":"tr"},{"@type":"Organization","@id":"https:\/\/sibiz.eu\/tr\/#organization","name":"Sibiz d.o.o.","url":"https:\/\/sibiz.eu\/tr\/","logo":{"@type":"ImageObject","inLanguage":"tr","@id":"https:\/\/sibiz.eu\/tr\/#\/schema\/logo\/image\/","url":"https:\/\/sibiz.eu\/wp-content\/uploads\/2024\/07\/cropped-favicon_sibiz.png","contentUrl":"https:\/\/sibiz.eu\/wp-content\/uploads\/2024\/07\/cropped-favicon_sibiz.png","width":512,"height":512,"caption":"Sibiz d.o.o."},"image":{"@id":"https:\/\/sibiz.eu\/tr\/#\/schema\/logo\/image\/"}},{"@type":"Person","@id":"https:\/\/sibiz.eu\/tr\/#\/schema\/person\/70bdc0ba03615188934639f9ddc6e880","name":"Eymen Erakkaya","url":"https:\/\/sibiz.eu\/tr\/author\/eymene\/"}]}},"_links":{"self":[{"href":"https:\/\/sibiz.eu\/tr\/wp-json\/wp\/v2\/posts\/15328","targetHints":{"allow":["GET"]}}],"collection":[{"href":"https:\/\/sibiz.eu\/tr\/wp-json\/wp\/v2\/posts"}],"about":[{"href":"https:\/\/sibiz.eu\/tr\/wp-json\/wp\/v2\/types\/post"}],"author":[{"embeddable":true,"href":"https:\/\/sibiz.eu\/tr\/wp-json\/wp\/v2\/users\/8"}],"replies":[{"embeddable":true,"href":"https:\/\/sibiz.eu\/tr\/wp-json\/wp\/v2\/comments?post=15328"}],"version-history":[{"count":3,"href":"https:\/\/sibiz.eu\/tr\/wp-json\/wp\/v2\/posts\/15328\/revisions"}],"predecessor-version":[{"id":15331,"href":"https:\/\/sibiz.eu\/tr\/wp-json\/wp\/v2\/posts\/15328\/revisions\/15331"}],"wp:featuredmedia":[{"embeddable":true,"href":"https:\/\/sibiz.eu\/tr\/wp-json\/wp\/v2\/media\/13928"}],"wp:attachment":[{"href":"https:\/\/sibiz.eu\/tr\/wp-json\/wp\/v2\/media?parent=15328"}],"wp:term":[{"taxonomy":"category","embeddable":true,"href":"https:\/\/sibiz.eu\/tr\/wp-json\/wp\/v2\/categories?post=15328"},{"taxonomy":"post_tag","embeddable":true,"href":"https:\/\/sibiz.eu\/tr\/wp-json\/wp\/v2\/tags?post=15328"}],"curies":[{"name":"wp","href":"https:\/\/api.w.org\/{rel}","templated":true}]}}