{"id":12989,"date":"2017-11-20T10:38:56","date_gmt":"2017-11-20T10:38:56","guid":{"rendered":"https:\/\/sibiz.eu\/slovenyada-yasam-kalitesi\/"},"modified":"2017-11-20T10:38:56","modified_gmt":"2017-11-20T10:38:56","slug":"slovenyada-yasam-kalitesi","status":"publish","type":"post","link":"https:\/\/sibiz.eu\/tr\/slovenyada-yasam-kalitesi\/","title":{"rendered":"Slovenya&#8217;da ya\u015fam kalitesi"},"content":{"rendered":"<div class=\"field field-name-body field-type-text-with-summary field-label-hidden\">\n<div class=\"field-items\">\n<div class=\"field-item even\"><strong>Quality of life in Slovenia<\/strong> Slovenya, farkl\u0131 ya\u015fam tarzlar\u0131n\u0131 kar\u015f\u0131lamak ve enerjik u\u011fra\u015flar\u0131n heyecan\u0131n\u0131 ya\u015fayanlar ile termal kapl\u0131calar\u0131, sa\u011fl\u0131kl\u0131 ya\u015fam tedavilerini ya da sadece bir g\u00fcn veya tatilde dinlenmeyi tercih edenlere hitap etmek i\u00e7in <strong>manzara<\/strong> ve <strong>tesislerin do\u011fal \u00e7e\u015fitlili\u011fine<\/strong> sahiptir. OECD Daha \u0130yi Ya\u015fam Endeksi&#8217;ne g\u00f6re g\u00fcvenlik, i\u015f-ya\u015fam dengesi, toplum ve sa\u011fl\u0131k Slovenya&#8217;da ya\u015fayanlar\u0131n en \u00e7ok de\u011fer verdi\u011fi nitelikler. Slovenlerin \u00e7o\u011fu, gelirlerindeki d\u00fc\u015f\u00fc\u015fe ra\u011fmen hayatlar\u0131ndan memnun olduklar\u0131n\u0131 ifade etmektedir. h\u00fck\u00fcmete kar\u015f\u0131 g\u00fcvensizlik. Alg\u0131lanan ki\u015fisel g\u00fcvenlik, d\u00fc\u015f\u00fck su\u00e7 oran\u0131 ve iyile\u015fen refah duygusu bu hissiyat\u0131 desteklemektedir. Alpler ve Adriyatik Denizi aras\u0131nda yer alan \u00fclke, genel olarak turizm ve \u00f6zellikle de <strong>sa\u011fl\u0131k turizmi<\/strong> i\u00e7in ideal bir ortam sunmaktad\u0131r. \u00c7arp\u0131c\u0131 yerlere karayolu, havayolu, demiryolu ve deniz yoluyla kolayca ula\u015f\u0131labiliyor, insanlar dost canl\u0131s\u0131, g\u00fczel yemekler ve m\u00fckemmel yerel \u015faraplar &#8211; hala geli\u015ftirilmeyi bekleyen bir potansiyel. <strong>Slovenya&#8217;n\u0131n rekabet avantajlar\u0131ndan hala yararlan\u0131lmas\u0131 gerekiyor<\/strong> G\u00f6lleri ve Alp manzaras\u0131yla Gorenjska, Dolenjska&#8217;n\u0131n bozulmam\u0131\u015f do\u011fas\u0131, orta\u00e7a\u011f sahil kasabalar\u0131, yeralt\u0131 ma\u011faralar\u0131, malikaneler ve kaleler&#8230; Slovenya&#8217;y\u0131 bir kez ziyaret edenler genellikle d\u00fczenli ziyaret\u00e7iler haline gelir ve \u00e7o\u011fu burada ikinci bir ev sat\u0131n almaya karar verir. Slovenya&#8217;n\u0131n Venedik, Viyana ve Prag gibi cazibe merkezlerine yak\u0131nl\u0131\u011f\u0131, Avrupa&#8217;y\u0131 turlayan uzak yerlerden ziyaret\u00e7ilerin yan\u0131 s\u0131ra katma de\u011fer ve yeni pazar segmentlerine ula\u015fmak i\u00e7in turizm altyap\u0131s\u0131 yat\u0131r\u0131mc\u0131lar\u0131n\u0131 da \u00e7ekebilir <strong>Renkli, canl\u0131 ve otantik Ljubljana,<\/strong> Slovenya&#8217;n\u0131n idari, i\u015f, e\u011fitim ve k\u00fclt\u00fcr merkezidir. Dar sokaklar\u0131 ve barok kiliseleriyle 16. y\u00fczy\u0131ldan kalma tarihi \u015fehir merkezine hakim olan kale, ulusal opera, bale, tiyatrolar ve iki senfonik orkestran\u0131n yan\u0131 s\u0131ra Ljubljana&#8217;n\u0131n i\u00e7inde ve d\u0131\u015f\u0131nda d\u00fcnya standartlar\u0131nda m\u00fczeler bulunmaktad\u0131r. Ljubljana&#8217;dan k\u0131\u015f\u0131n kayak pistlerine, yaz\u0131n deniz kenar\u0131ndaki plajlara, golf sahalar\u0131na ve atl\u0131 gezinti yollar\u0131na kolayca ula\u015f\u0131labilir. Sa\u011fl\u0131k kapl\u0131calar\u0131 ve sa\u011fl\u0131kl\u0131 ya\u015fam merkezleri, d\u00fc\u015f\u00fck maliyetle stresten uzakla\u015fmak i\u00e7in m\u00fckemmel yerlerdir. <strong>\u0130klim<\/strong>, y\u0131l boyunca a\u00e7\u0131k havada e\u011flenmek ve dinlenmek i\u00e7in m\u00fckemmeldir ve \u00e7ok say\u0131da amat\u00f6r ve profesyonel spor mek\u00e2n\u0131 ve etkinli\u011fi bulunmaktad\u0131r. Do\u011fa y\u00fcr\u00fcy\u00fc\u015f\u00fc ve da\u011f t\u0131rman\u0131\u015f\u0131 merakl\u0131lar\u0131 Triglav Da\u011f\u0131&#8217;n\u0131n (2.864 m) bulundu\u011fu Julian Alpleri&#8217;ni ve Slovenya topraklar\u0131n\u0131n %60&#8217;\u0131n\u0131 kaplayan Avrupa&#8217;n\u0131n \u00fc\u00e7\u00fcnc\u00fc b\u00fcy\u00fck orman ekosistemini kar\u015f\u0131 konulmas\u0131 zor cazibe merkezleri olarak g\u00f6receklerdir. Ziyaret\u00e7ilerin ve i\u015f ortaklar\u0131n\u0131n \u00e7ok takdir etti\u011fi bu <strong>co\u011frafi konum, e\u011fitim, yarat\u0131c\u0131l\u0131k ve uyum sa\u011flama isteklili\u011fi kar\u0131\u015f\u0131m\u0131d\u0131r.<\/strong> Source: <a href=\"https:\/\/www.investslovenia.org\/why-slovenia\/quality-of-life\/\">InvestSlovenia\u00a0<\/a> Foto Source: Foto Kaynak: Ya\u015fam kalitesi endeksi; Numbeo, 2016<\/div>\n<\/div>\n<\/div>\n","protected":false},"excerpt":{"rendered":"<p>Quality of life in Slovenia Slovenya, farkl\u0131 ya\u015fam tarzlar\u0131n\u0131 kar\u015f\u0131lamak ve enerjik u\u011fra\u015flar\u0131n heyecan\u0131n\u0131 ya\u015fayanlar ile termal kapl\u0131calar\u0131, sa\u011fl\u0131kl\u0131 ya\u015fam tedavilerini ya da sadece bir g\u00fcn veya tatilde dinlenmeyi tercih edenlere hitap etmek i\u00e7in manzara ve tesislerin do\u011fal \u00e7e\u015fitlili\u011fine sahiptir. OECD Daha \u0130yi Ya\u015fam Endeksi&#8217;ne g\u00f6re g\u00fcvenlik, i\u015f-ya\u015fam dengesi, toplum ve sa\u011fl\u0131k Slovenya&#8217;da ya\u015fayanlar\u0131n en [&hellip;]<\/p>\n","protected":false},"author":2,"featured_media":10326,"comment_status":"closed","ping_status":"closed","sticky":false,"template":"","format":"standard","meta":{"_acf_changed":false,"_editorskit_title_hidden":false,"_editorskit_reading_time":0,"_editorskit_is_block_options_detached":false,"_editorskit_block_options_position":"{}","editor_plus_copied_stylings":"{}","footnotes":""},"categories":[1029],"tags":[],"class_list":["post-12989","post","type-post","status-publish","format-standard","has-post-thumbnail","hentry","category-haberler"],"acf":[],"yoast_head":"<!-- This site is optimized with the Yoast SEO plugin v27.4 - https:\/\/yoast.com\/product\/yoast-seo-wordpress\/ -->\n<title>Slovenya&#039;da ya\u015fam kalitesi - Sibiz d.o.o.<\/title>\n<meta name=\"robots\" content=\"index, follow, max-snippet:-1, max-image-preview:large, max-video-preview:-1\" \/>\n<link rel=\"canonical\" href=\"https:\/\/sibiz.eu\/tr\/slovenyada-yasam-kalitesi\/\" \/>\n<meta property=\"og:locale\" content=\"tr_TR\" \/>\n<meta property=\"og:type\" content=\"article\" \/>\n<meta property=\"og:title\" content=\"Slovenya&#039;da ya\u015fam kalitesi - Sibiz d.o.o.\" \/>\n<meta property=\"og:description\" content=\"Quality of life in Slovenia Slovenya, farkl\u0131 ya\u015fam tarzlar\u0131n\u0131 kar\u015f\u0131lamak ve enerjik u\u011fra\u015flar\u0131n heyecan\u0131n\u0131 ya\u015fayanlar ile termal kapl\u0131calar\u0131, sa\u011fl\u0131kl\u0131 ya\u015fam tedavilerini ya da sadece bir g\u00fcn veya tatilde dinlenmeyi tercih edenlere hitap etmek i\u00e7in manzara ve tesislerin do\u011fal \u00e7e\u015fitlili\u011fine sahiptir. OECD Daha \u0130yi Ya\u015fam Endeksi&#8217;ne g\u00f6re g\u00fcvenlik, i\u015f-ya\u015fam dengesi, toplum ve sa\u011fl\u0131k Slovenya&#8217;da ya\u015fayanlar\u0131n en [&hellip;]\" \/>\n<meta property=\"og:url\" content=\"https:\/\/sibiz.eu\/tr\/slovenyada-yasam-kalitesi\/\" \/>\n<meta property=\"og:site_name\" content=\"Sibiz d.o.o.\" \/>\n<meta property=\"article:published_time\" content=\"2017-11-20T10:38:56+00:00\" \/>\n<meta name=\"author\" content=\"info@wpm.si\" \/>\n<meta name=\"twitter:card\" content=\"summary_large_image\" \/>\n<meta name=\"twitter:label1\" content=\"Yazan:\" \/>\n\t<meta name=\"twitter:data1\" content=\"info@wpm.si\" \/>\n\t<meta name=\"twitter:label2\" content=\"Tahmini okuma s\u00fcresi\" \/>\n\t<meta name=\"twitter:data2\" content=\"2 dakika\" \/>\n<script type=\"application\/ld+json\" class=\"yoast-schema-graph\">{\"@context\":\"https:\\\/\\\/schema.org\",\"@graph\":[{\"@type\":\"Article\",\"@id\":\"https:\\\/\\\/sibiz.eu\\\/tr\\\/slovenyada-yasam-kalitesi\\\/#article\",\"isPartOf\":{\"@id\":\"https:\\\/\\\/sibiz.eu\\\/tr\\\/slovenyada-yasam-kalitesi\\\/\"},\"author\":{\"name\":\"info@wpm.si\",\"@id\":\"https:\\\/\\\/sibiz.eu\\\/tr\\\/#\\\/schema\\\/person\\\/acb5115f98f8d861f08ed42bbd39b171\"},\"headline\":\"Slovenya&#8217;da ya\u015fam kalitesi\",\"datePublished\":\"2017-11-20T10:38:56+00:00\",\"mainEntityOfPage\":{\"@id\":\"https:\\\/\\\/sibiz.eu\\\/tr\\\/slovenyada-yasam-kalitesi\\\/\"},\"wordCount\":515,\"publisher\":{\"@id\":\"https:\\\/\\\/sibiz.eu\\\/tr\\\/#organization\"},\"image\":{\"@id\":\"https:\\\/\\\/sibiz.eu\\\/tr\\\/slovenyada-yasam-kalitesi\\\/#primaryimage\"},\"thumbnailUrl\":\"https:\\\/\\\/sibiz.eu\\\/wp-content\\\/uploads\\\/2017\\\/12\\\/numbeo1.png\",\"articleSection\":[\"HABERLER\"],\"inLanguage\":\"tr\"},{\"@type\":\"WebPage\",\"@id\":\"https:\\\/\\\/sibiz.eu\\\/tr\\\/slovenyada-yasam-kalitesi\\\/\",\"url\":\"https:\\\/\\\/sibiz.eu\\\/tr\\\/slovenyada-yasam-kalitesi\\\/\",\"name\":\"Slovenya'da ya\u015fam kalitesi - Sibiz d.o.o.\",\"isPartOf\":{\"@id\":\"https:\\\/\\\/sibiz.eu\\\/tr\\\/#website\"},\"primaryImageOfPage\":{\"@id\":\"https:\\\/\\\/sibiz.eu\\\/tr\\\/slovenyada-yasam-kalitesi\\\/#primaryimage\"},\"image\":{\"@id\":\"https:\\\/\\\/sibiz.eu\\\/tr\\\/slovenyada-yasam-kalitesi\\\/#primaryimage\"},\"thumbnailUrl\":\"https:\\\/\\\/sibiz.eu\\\/wp-content\\\/uploads\\\/2017\\\/12\\\/numbeo1.png\",\"datePublished\":\"2017-11-20T10:38:56+00:00\",\"breadcrumb\":{\"@id\":\"https:\\\/\\\/sibiz.eu\\\/tr\\\/slovenyada-yasam-kalitesi\\\/#breadcrumb\"},\"inLanguage\":\"tr\",\"potentialAction\":[{\"@type\":\"ReadAction\",\"target\":[\"https:\\\/\\\/sibiz.eu\\\/tr\\\/slovenyada-yasam-kalitesi\\\/\"]}]},{\"@type\":\"ImageObject\",\"inLanguage\":\"tr\",\"@id\":\"https:\\\/\\\/sibiz.eu\\\/tr\\\/slovenyada-yasam-kalitesi\\\/#primaryimage\",\"url\":\"https:\\\/\\\/sibiz.eu\\\/wp-content\\\/uploads\\\/2017\\\/12\\\/numbeo1.png\",\"contentUrl\":\"https:\\\/\\\/sibiz.eu\\\/wp-content\\\/uploads\\\/2017\\\/12\\\/numbeo1.png\",\"width\":480,\"height\":244},{\"@type\":\"BreadcrumbList\",\"@id\":\"https:\\\/\\\/sibiz.eu\\\/tr\\\/slovenyada-yasam-kalitesi\\\/#breadcrumb\",\"itemListElement\":[{\"@type\":\"ListItem\",\"position\":1,\"name\":\"Home\",\"item\":\"https:\\\/\\\/sibiz.eu\\\/tr\\\/\"},{\"@type\":\"ListItem\",\"position\":2,\"name\":\"Slovenya&#8217;da ya\u015fam kalitesi\"}]},{\"@type\":\"WebSite\",\"@id\":\"https:\\\/\\\/sibiz.eu\\\/tr\\\/#website\",\"url\":\"https:\\\/\\\/sibiz.eu\\\/tr\\\/\",\"name\":\"Sibiz d.o.o.\",\"description\":\"Sibiz d.o.o. is a premier provider of advanced ASIC, FPGA, Firmware and Software design services and is actively developing soft IP Cores, high-performance processors, data-communication network processors and switches used as infrastructure blocks in building complex SoC products for communications and a variety of embedded applications.\",\"publisher\":{\"@id\":\"https:\\\/\\\/sibiz.eu\\\/tr\\\/#organization\"},\"potentialAction\":[{\"@type\":\"SearchAction\",\"target\":{\"@type\":\"EntryPoint\",\"urlTemplate\":\"https:\\\/\\\/sibiz.eu\\\/tr\\\/?s={search_term_string}\"},\"query-input\":{\"@type\":\"PropertyValueSpecification\",\"valueRequired\":true,\"valueName\":\"search_term_string\"}}],\"inLanguage\":\"tr\"},{\"@type\":\"Organization\",\"@id\":\"https:\\\/\\\/sibiz.eu\\\/tr\\\/#organization\",\"name\":\"Sibiz d.o.o.\",\"url\":\"https:\\\/\\\/sibiz.eu\\\/tr\\\/\",\"logo\":{\"@type\":\"ImageObject\",\"inLanguage\":\"tr\",\"@id\":\"https:\\\/\\\/sibiz.eu\\\/tr\\\/#\\\/schema\\\/logo\\\/image\\\/\",\"url\":\"https:\\\/\\\/sibiz.eu\\\/wp-content\\\/uploads\\\/2024\\\/07\\\/cropped-favicon_sibiz.png\",\"contentUrl\":\"https:\\\/\\\/sibiz.eu\\\/wp-content\\\/uploads\\\/2024\\\/07\\\/cropped-favicon_sibiz.png\",\"width\":512,\"height\":512,\"caption\":\"Sibiz d.o.o.\"},\"image\":{\"@id\":\"https:\\\/\\\/sibiz.eu\\\/tr\\\/#\\\/schema\\\/logo\\\/image\\\/\"}},{\"@type\":\"Person\",\"@id\":\"https:\\\/\\\/sibiz.eu\\\/tr\\\/#\\\/schema\\\/person\\\/acb5115f98f8d861f08ed42bbd39b171\",\"name\":\"info@wpm.si\",\"description\":\"Admin lorem ispum text\",\"url\":\"https:\\\/\\\/sibiz.eu\\\/tr\\\/author\\\/wpm\\\/\"}]}<\/script>\n<!-- \/ Yoast SEO plugin. -->","yoast_head_json":{"title":"Slovenya'da ya\u015fam kalitesi - Sibiz d.o.o.","robots":{"index":"index","follow":"follow","max-snippet":"max-snippet:-1","max-image-preview":"max-image-preview:large","max-video-preview":"max-video-preview:-1"},"canonical":"https:\/\/sibiz.eu\/tr\/slovenyada-yasam-kalitesi\/","og_locale":"tr_TR","og_type":"article","og_title":"Slovenya'da ya\u015fam kalitesi - Sibiz d.o.o.","og_description":"Quality of life in Slovenia Slovenya, farkl\u0131 ya\u015fam tarzlar\u0131n\u0131 kar\u015f\u0131lamak ve enerjik u\u011fra\u015flar\u0131n heyecan\u0131n\u0131 ya\u015fayanlar ile termal kapl\u0131calar\u0131, sa\u011fl\u0131kl\u0131 ya\u015fam tedavilerini ya da sadece bir g\u00fcn veya tatilde dinlenmeyi tercih edenlere hitap etmek i\u00e7in manzara ve tesislerin do\u011fal \u00e7e\u015fitlili\u011fine sahiptir. OECD Daha \u0130yi Ya\u015fam Endeksi&#8217;ne g\u00f6re g\u00fcvenlik, i\u015f-ya\u015fam dengesi, toplum ve sa\u011fl\u0131k Slovenya&#8217;da ya\u015fayanlar\u0131n en [&hellip;]","og_url":"https:\/\/sibiz.eu\/tr\/slovenyada-yasam-kalitesi\/","og_site_name":"Sibiz d.o.o.","article_published_time":"2017-11-20T10:38:56+00:00","author":"info@wpm.si","twitter_card":"summary_large_image","twitter_misc":{"Yazan:":"info@wpm.si","Tahmini okuma s\u00fcresi":"2 dakika"},"schema":{"@context":"https:\/\/schema.org","@graph":[{"@type":"Article","@id":"https:\/\/sibiz.eu\/tr\/slovenyada-yasam-kalitesi\/#article","isPartOf":{"@id":"https:\/\/sibiz.eu\/tr\/slovenyada-yasam-kalitesi\/"},"author":{"name":"info@wpm.si","@id":"https:\/\/sibiz.eu\/tr\/#\/schema\/person\/acb5115f98f8d861f08ed42bbd39b171"},"headline":"Slovenya&#8217;da ya\u015fam kalitesi","datePublished":"2017-11-20T10:38:56+00:00","mainEntityOfPage":{"@id":"https:\/\/sibiz.eu\/tr\/slovenyada-yasam-kalitesi\/"},"wordCount":515,"publisher":{"@id":"https:\/\/sibiz.eu\/tr\/#organization"},"image":{"@id":"https:\/\/sibiz.eu\/tr\/slovenyada-yasam-kalitesi\/#primaryimage"},"thumbnailUrl":"https:\/\/sibiz.eu\/wp-content\/uploads\/2017\/12\/numbeo1.png","articleSection":["HABERLER"],"inLanguage":"tr"},{"@type":"WebPage","@id":"https:\/\/sibiz.eu\/tr\/slovenyada-yasam-kalitesi\/","url":"https:\/\/sibiz.eu\/tr\/slovenyada-yasam-kalitesi\/","name":"Slovenya'da ya\u015fam kalitesi - Sibiz d.o.o.","isPartOf":{"@id":"https:\/\/sibiz.eu\/tr\/#website"},"primaryImageOfPage":{"@id":"https:\/\/sibiz.eu\/tr\/slovenyada-yasam-kalitesi\/#primaryimage"},"image":{"@id":"https:\/\/sibiz.eu\/tr\/slovenyada-yasam-kalitesi\/#primaryimage"},"thumbnailUrl":"https:\/\/sibiz.eu\/wp-content\/uploads\/2017\/12\/numbeo1.png","datePublished":"2017-11-20T10:38:56+00:00","breadcrumb":{"@id":"https:\/\/sibiz.eu\/tr\/slovenyada-yasam-kalitesi\/#breadcrumb"},"inLanguage":"tr","potentialAction":[{"@type":"ReadAction","target":["https:\/\/sibiz.eu\/tr\/slovenyada-yasam-kalitesi\/"]}]},{"@type":"ImageObject","inLanguage":"tr","@id":"https:\/\/sibiz.eu\/tr\/slovenyada-yasam-kalitesi\/#primaryimage","url":"https:\/\/sibiz.eu\/wp-content\/uploads\/2017\/12\/numbeo1.png","contentUrl":"https:\/\/sibiz.eu\/wp-content\/uploads\/2017\/12\/numbeo1.png","width":480,"height":244},{"@type":"BreadcrumbList","@id":"https:\/\/sibiz.eu\/tr\/slovenyada-yasam-kalitesi\/#breadcrumb","itemListElement":[{"@type":"ListItem","position":1,"name":"Home","item":"https:\/\/sibiz.eu\/tr\/"},{"@type":"ListItem","position":2,"name":"Slovenya&#8217;da ya\u015fam kalitesi"}]},{"@type":"WebSite","@id":"https:\/\/sibiz.eu\/tr\/#website","url":"https:\/\/sibiz.eu\/tr\/","name":"Sibiz d.o.o.","description":"Sibiz d.o.o. is a premier provider of advanced ASIC, FPGA, Firmware and Software design services and is actively developing soft IP Cores, high-performance processors, data-communication network processors and switches used as infrastructure blocks in building complex SoC products for communications and a variety of embedded applications.","publisher":{"@id":"https:\/\/sibiz.eu\/tr\/#organization"},"potentialAction":[{"@type":"SearchAction","target":{"@type":"EntryPoint","urlTemplate":"https:\/\/sibiz.eu\/tr\/?s={search_term_string}"},"query-input":{"@type":"PropertyValueSpecification","valueRequired":true,"valueName":"search_term_string"}}],"inLanguage":"tr"},{"@type":"Organization","@id":"https:\/\/sibiz.eu\/tr\/#organization","name":"Sibiz d.o.o.","url":"https:\/\/sibiz.eu\/tr\/","logo":{"@type":"ImageObject","inLanguage":"tr","@id":"https:\/\/sibiz.eu\/tr\/#\/schema\/logo\/image\/","url":"https:\/\/sibiz.eu\/wp-content\/uploads\/2024\/07\/cropped-favicon_sibiz.png","contentUrl":"https:\/\/sibiz.eu\/wp-content\/uploads\/2024\/07\/cropped-favicon_sibiz.png","width":512,"height":512,"caption":"Sibiz d.o.o."},"image":{"@id":"https:\/\/sibiz.eu\/tr\/#\/schema\/logo\/image\/"}},{"@type":"Person","@id":"https:\/\/sibiz.eu\/tr\/#\/schema\/person\/acb5115f98f8d861f08ed42bbd39b171","name":"info@wpm.si","description":"Admin lorem ispum text","url":"https:\/\/sibiz.eu\/tr\/author\/wpm\/"}]}},"_links":{"self":[{"href":"https:\/\/sibiz.eu\/tr\/wp-json\/wp\/v2\/posts\/12989","targetHints":{"allow":["GET"]}}],"collection":[{"href":"https:\/\/sibiz.eu\/tr\/wp-json\/wp\/v2\/posts"}],"about":[{"href":"https:\/\/sibiz.eu\/tr\/wp-json\/wp\/v2\/types\/post"}],"author":[{"embeddable":true,"href":"https:\/\/sibiz.eu\/tr\/wp-json\/wp\/v2\/users\/2"}],"replies":[{"embeddable":true,"href":"https:\/\/sibiz.eu\/tr\/wp-json\/wp\/v2\/comments?post=12989"}],"version-history":[{"count":0,"href":"https:\/\/sibiz.eu\/tr\/wp-json\/wp\/v2\/posts\/12989\/revisions"}],"wp:featuredmedia":[{"embeddable":true,"href":"https:\/\/sibiz.eu\/tr\/wp-json\/wp\/v2\/media\/10326"}],"wp:attachment":[{"href":"https:\/\/sibiz.eu\/tr\/wp-json\/wp\/v2\/media?parent=12989"}],"wp:term":[{"taxonomy":"category","embeddable":true,"href":"https:\/\/sibiz.eu\/tr\/wp-json\/wp\/v2\/categories?post=12989"},{"taxonomy":"post_tag","embeddable":true,"href":"https:\/\/sibiz.eu\/tr\/wp-json\/wp\/v2\/tags?post=12989"}],"curies":[{"name":"wp","href":"https:\/\/api.w.org\/{rel}","templated":true}]}}