{"id":12737,"date":"2019-02-07T16:36:18","date_gmt":"2019-02-07T16:36:18","guid":{"rendered":"https:\/\/sibiz.eu\/slovenya-ulusal-bayrami-8-subat\/"},"modified":"2025-01-10T08:26:59","modified_gmt":"2025-01-10T08:26:59","slug":"slovenya-ulusal-bayrami-8-subat","status":"publish","type":"post","link":"https:\/\/sibiz.eu\/tr\/slovenya-ulusal-bayrami-8-subat\/","title":{"rendered":"Slovenya ulusal bayram\u0131, 8 \u015eubat"},"content":{"rendered":"\n<p class=\" eplus-wrapper\">Slovenya&#8217;n\u0131n k\u00fclt\u00fcrel bayram\u0131 olan Pre\u0161eren g\u00fcn\u00fc 8 \u015eubat&#8217;ta kutlanmaktad\u0131r. Bu g\u00fcn 1849 y\u0131l\u0131nda Slovenya&#8217;n\u0131n en b\u00fcy\u00fck \u015fairi France Pre\u0161eren \u00f6ld\u00fc. \u015eair, Sloven \u015fiirine ve onun d\u00fcnyada tan\u0131nmas\u0131na b\u00fcy\u00fck katk\u0131 sa\u011flam\u0131\u015ft\u0131r. Onun ola\u011fan\u00fcst\u00fc yarat\u0131c\u0131 ba\u015far\u0131lar\u0131 Romantizm ile ilgilidir. \u00c7ok \u00f6nemli bir ki\u015fiydi; bu nedenle an\u0131tlar\u0131 \u00fclkenin her yerinde bulunmaktad\u0131r. En \u00fcnl\u00fcs\u00fc Ljubljana&#8217;daki Pre\u0161eren Meydan\u0131&#8217;nda duran ve yak\u0131ndaki binada Julia&#8217;ya bakan an\u0131tt\u0131r.&#13;\n<\/p>\n\n<p class=\" eplus-wrapper\">Slovenya k\u00fclt\u00fcr bayram\u0131 g\u00fcn\u00fcnde, Slovenya Cumhuriyeti&#8217;nde sanat alan\u0131ndaki ba\u015far\u0131lara verilen en y\u00fcksek \u00f6d\u00fcller olan Pre\u0161eren \u00d6d\u00fclleri ve Pre\u0161eren Vakf\u0131 \u00d6d\u00fclleri&#8217;nin verildi\u011fi merkezi bir etkinlik d\u00fczenlenir. Pre\u0161eren g\u00fcn\u00fcnde Slovenya&#8217;n\u0131n her yerinde \u00e7e\u015fitli etkinlikler d\u00fczenlenmektedir. \u0130nsanlar \u00e7o\u011fu m\u00fczeyi, tiyatroyu ve sergiyi \u00fccretsiz olarak ziyaret edebilir. Bu karar, Slovenya Cumhuriyeti&#8217;nde k\u00fclt\u00fcrel fark\u0131ndal\u0131k d\u00fczeyini y\u00fckseltmek amac\u0131yla al\u0131nm\u0131\u015ft\u0131r.&#13;\n<\/p>\n\n<figure class=\" wp-block-image aligncenter size-full eplus-wrapper\"><img loading=\"lazy\" decoding=\"async\" width=\"630\" height=\"419\" src=\"https:\/\/sibiz.eu\/wp-content\/uploads\/2019\/02\/preseren-dnevnik.si_-1.jpg\" alt=\"\" class=\"wp-image-9548\" srcset=\"https:\/\/sibiz.eu\/wp-content\/uploads\/2019\/02\/preseren-dnevnik.si_-1.jpg 630w, https:\/\/sibiz.eu\/wp-content\/uploads\/2019\/02\/preseren-dnevnik.si_-1-300x200.jpg 300w, https:\/\/sibiz.eu\/wp-content\/uploads\/2019\/02\/preseren-dnevnik.si_-1-200x133.jpg 200w, https:\/\/sibiz.eu\/wp-content\/uploads\/2019\/02\/preseren-dnevnik.si_-1-400x266.jpg 400w, https:\/\/sibiz.eu\/wp-content\/uploads\/2019\/02\/preseren-dnevnik.si_-1-600x399.jpg 600w\" sizes=\"auto, (max-width: 630px) 100vw, 630px\" \/><\/figure>\n\n<p class=\" eplus-wrapper\">Foto\u011fraf:<\/p>\n\n<p class=\" eplus-wrapper\">ivancna-gorica.si<\/p>\n\n<p class=\" eplus-wrapper\">dnevnik.si<\/p>\n","protected":false},"excerpt":{"rendered":"<p>Slovenya&#8217;n\u0131n k\u00fclt\u00fcrel bayram\u0131 olan Pre\u0161eren g\u00fcn\u00fc 8 \u015eubat&#8217;ta kutlanmaktad\u0131r. Bu g\u00fcn 1849 y\u0131l\u0131nda Slovenya&#8217;n\u0131n en b\u00fcy\u00fck \u015fairi France Pre\u0161eren \u00f6ld\u00fc. \u015eair, Sloven \u015fiirine ve onun d\u00fcnyada tan\u0131nmas\u0131na b\u00fcy\u00fck katk\u0131 sa\u011flam\u0131\u015ft\u0131r. Onun ola\u011fan\u00fcst\u00fc yarat\u0131c\u0131 ba\u015far\u0131lar\u0131 Romantizm ile ilgilidir. \u00c7ok \u00f6nemli bir ki\u015fiydi; bu nedenle an\u0131tlar\u0131 \u00fclkenin her yerinde bulunmaktad\u0131r. En \u00fcnl\u00fcs\u00fc Ljubljana&#8217;daki Pre\u0161eren Meydan\u0131&#8217;nda duran ve [&hellip;]<\/p>\n","protected":false},"author":2,"featured_media":11213,"comment_status":"closed","ping_status":"closed","sticky":false,"template":"","format":"standard","meta":{"_acf_changed":false,"_editorskit_title_hidden":false,"_editorskit_reading_time":0,"_editorskit_is_block_options_detached":false,"_editorskit_block_options_position":"{}","editor_plus_copied_stylings":"{}","footnotes":""},"categories":[1033,1034,1030],"tags":[],"class_list":["post-12737","post","type-post","status-publish","format-standard","has-post-thumbnail","hentry","category-blog-tr","category-kultur","category-slovenyada-yasam"],"acf":[],"yoast_head":"<!-- This site is optimized with the Yoast SEO plugin v27.4 - https:\/\/yoast.com\/product\/yoast-seo-wordpress\/ -->\n<title>Slovenya ulusal bayram\u0131, 8 \u015eubat - Sibiz d.o.o.<\/title>\n<meta name=\"robots\" content=\"index, follow, max-snippet:-1, max-image-preview:large, max-video-preview:-1\" \/>\n<link rel=\"canonical\" href=\"https:\/\/sibiz.eu\/tr\/slovenya-ulusal-bayrami-8-subat\/\" \/>\n<meta property=\"og:locale\" content=\"tr_TR\" \/>\n<meta property=\"og:type\" content=\"article\" \/>\n<meta property=\"og:title\" content=\"Slovenya ulusal bayram\u0131, 8 \u015eubat - Sibiz d.o.o.\" \/>\n<meta property=\"og:description\" content=\"Slovenya&#8217;n\u0131n k\u00fclt\u00fcrel bayram\u0131 olan Pre\u0161eren g\u00fcn\u00fc 8 \u015eubat&#8217;ta kutlanmaktad\u0131r. Bu g\u00fcn 1849 y\u0131l\u0131nda Slovenya&#8217;n\u0131n en b\u00fcy\u00fck \u015fairi France Pre\u0161eren \u00f6ld\u00fc. \u015eair, Sloven \u015fiirine ve onun d\u00fcnyada tan\u0131nmas\u0131na b\u00fcy\u00fck katk\u0131 sa\u011flam\u0131\u015ft\u0131r. Onun ola\u011fan\u00fcst\u00fc yarat\u0131c\u0131 ba\u015far\u0131lar\u0131 Romantizm ile ilgilidir. \u00c7ok \u00f6nemli bir ki\u015fiydi; bu nedenle an\u0131tlar\u0131 \u00fclkenin her yerinde bulunmaktad\u0131r. En \u00fcnl\u00fcs\u00fc Ljubljana&#8217;daki Pre\u0161eren Meydan\u0131&#8217;nda duran ve [&hellip;]\" \/>\n<meta property=\"og:url\" content=\"https:\/\/sibiz.eu\/tr\/slovenya-ulusal-bayrami-8-subat\/\" \/>\n<meta property=\"og:site_name\" content=\"Sibiz d.o.o.\" \/>\n<meta property=\"article:published_time\" content=\"2019-02-07T16:36:18+00:00\" \/>\n<meta property=\"article:modified_time\" content=\"2025-01-10T08:26:59+00:00\" \/>\n<meta property=\"og:image\" content=\"https:\/\/sibiz.eu\/wp-content\/uploads\/2019\/02\/france-preseren-ivancna-gorica.si_-1.jpg\" \/>\n\t<meta property=\"og:image:width\" content=\"500\" \/>\n\t<meta property=\"og:image:height\" content=\"213\" \/>\n\t<meta property=\"og:image:type\" content=\"image\/jpeg\" \/>\n<meta name=\"author\" content=\"info@wpm.si\" \/>\n<meta name=\"twitter:card\" content=\"summary_large_image\" \/>\n<meta name=\"twitter:label1\" content=\"Yazan:\" \/>\n\t<meta name=\"twitter:data1\" content=\"info@wpm.si\" \/>\n\t<meta name=\"twitter:label2\" content=\"Tahmini okuma s\u00fcresi\" \/>\n\t<meta name=\"twitter:data2\" content=\"1 dakika\" \/>\n<script type=\"application\/ld+json\" class=\"yoast-schema-graph\">{\"@context\":\"https:\\\/\\\/schema.org\",\"@graph\":[{\"@type\":\"Article\",\"@id\":\"https:\\\/\\\/sibiz.eu\\\/tr\\\/slovenya-ulusal-bayrami-8-subat\\\/#article\",\"isPartOf\":{\"@id\":\"https:\\\/\\\/sibiz.eu\\\/tr\\\/slovenya-ulusal-bayrami-8-subat\\\/\"},\"author\":{\"name\":\"info@wpm.si\",\"@id\":\"https:\\\/\\\/sibiz.eu\\\/tr\\\/#\\\/schema\\\/person\\\/acb5115f98f8d861f08ed42bbd39b171\"},\"headline\":\"Slovenya ulusal bayram\u0131, 8 \u015eubat\",\"datePublished\":\"2019-02-07T16:36:18+00:00\",\"dateModified\":\"2025-01-10T08:26:59+00:00\",\"mainEntityOfPage\":{\"@id\":\"https:\\\/\\\/sibiz.eu\\\/tr\\\/slovenya-ulusal-bayrami-8-subat\\\/\"},\"wordCount\":198,\"publisher\":{\"@id\":\"https:\\\/\\\/sibiz.eu\\\/tr\\\/#organization\"},\"image\":{\"@id\":\"https:\\\/\\\/sibiz.eu\\\/tr\\\/slovenya-ulusal-bayrami-8-subat\\\/#primaryimage\"},\"thumbnailUrl\":\"https:\\\/\\\/sibiz.eu\\\/wp-content\\\/uploads\\\/2019\\\/02\\\/france-preseren-ivancna-gorica.si_-1.jpg\",\"articleSection\":[\"BLOG\",\"K\u00fclt\u00fcr\",\"Slovenya'da Ya\u015fam\"],\"inLanguage\":\"tr\"},{\"@type\":\"WebPage\",\"@id\":\"https:\\\/\\\/sibiz.eu\\\/tr\\\/slovenya-ulusal-bayrami-8-subat\\\/\",\"url\":\"https:\\\/\\\/sibiz.eu\\\/tr\\\/slovenya-ulusal-bayrami-8-subat\\\/\",\"name\":\"Slovenya ulusal bayram\u0131, 8 \u015eubat - Sibiz d.o.o.\",\"isPartOf\":{\"@id\":\"https:\\\/\\\/sibiz.eu\\\/tr\\\/#website\"},\"primaryImageOfPage\":{\"@id\":\"https:\\\/\\\/sibiz.eu\\\/tr\\\/slovenya-ulusal-bayrami-8-subat\\\/#primaryimage\"},\"image\":{\"@id\":\"https:\\\/\\\/sibiz.eu\\\/tr\\\/slovenya-ulusal-bayrami-8-subat\\\/#primaryimage\"},\"thumbnailUrl\":\"https:\\\/\\\/sibiz.eu\\\/wp-content\\\/uploads\\\/2019\\\/02\\\/france-preseren-ivancna-gorica.si_-1.jpg\",\"datePublished\":\"2019-02-07T16:36:18+00:00\",\"dateModified\":\"2025-01-10T08:26:59+00:00\",\"breadcrumb\":{\"@id\":\"https:\\\/\\\/sibiz.eu\\\/tr\\\/slovenya-ulusal-bayrami-8-subat\\\/#breadcrumb\"},\"inLanguage\":\"tr\",\"potentialAction\":[{\"@type\":\"ReadAction\",\"target\":[\"https:\\\/\\\/sibiz.eu\\\/tr\\\/slovenya-ulusal-bayrami-8-subat\\\/\"]}]},{\"@type\":\"ImageObject\",\"inLanguage\":\"tr\",\"@id\":\"https:\\\/\\\/sibiz.eu\\\/tr\\\/slovenya-ulusal-bayrami-8-subat\\\/#primaryimage\",\"url\":\"https:\\\/\\\/sibiz.eu\\\/wp-content\\\/uploads\\\/2019\\\/02\\\/france-preseren-ivancna-gorica.si_-1.jpg\",\"contentUrl\":\"https:\\\/\\\/sibiz.eu\\\/wp-content\\\/uploads\\\/2019\\\/02\\\/france-preseren-ivancna-gorica.si_-1.jpg\",\"width\":500,\"height\":213},{\"@type\":\"BreadcrumbList\",\"@id\":\"https:\\\/\\\/sibiz.eu\\\/tr\\\/slovenya-ulusal-bayrami-8-subat\\\/#breadcrumb\",\"itemListElement\":[{\"@type\":\"ListItem\",\"position\":1,\"name\":\"Home\",\"item\":\"https:\\\/\\\/sibiz.eu\\\/tr\\\/\"},{\"@type\":\"ListItem\",\"position\":2,\"name\":\"Slovenya ulusal bayram\u0131, 8 \u015eubat\"}]},{\"@type\":\"WebSite\",\"@id\":\"https:\\\/\\\/sibiz.eu\\\/tr\\\/#website\",\"url\":\"https:\\\/\\\/sibiz.eu\\\/tr\\\/\",\"name\":\"Sibiz d.o.o.\",\"description\":\"Sibiz d.o.o. is a premier provider of advanced ASIC, FPGA, Firmware and Software design services and is actively developing soft IP Cores, high-performance processors, data-communication network processors and switches used as infrastructure blocks in building complex SoC products for communications and a variety of embedded applications.\",\"publisher\":{\"@id\":\"https:\\\/\\\/sibiz.eu\\\/tr\\\/#organization\"},\"potentialAction\":[{\"@type\":\"SearchAction\",\"target\":{\"@type\":\"EntryPoint\",\"urlTemplate\":\"https:\\\/\\\/sibiz.eu\\\/tr\\\/?s={search_term_string}\"},\"query-input\":{\"@type\":\"PropertyValueSpecification\",\"valueRequired\":true,\"valueName\":\"search_term_string\"}}],\"inLanguage\":\"tr\"},{\"@type\":\"Organization\",\"@id\":\"https:\\\/\\\/sibiz.eu\\\/tr\\\/#organization\",\"name\":\"Sibiz d.o.o.\",\"url\":\"https:\\\/\\\/sibiz.eu\\\/tr\\\/\",\"logo\":{\"@type\":\"ImageObject\",\"inLanguage\":\"tr\",\"@id\":\"https:\\\/\\\/sibiz.eu\\\/tr\\\/#\\\/schema\\\/logo\\\/image\\\/\",\"url\":\"https:\\\/\\\/sibiz.eu\\\/wp-content\\\/uploads\\\/2024\\\/07\\\/cropped-favicon_sibiz.png\",\"contentUrl\":\"https:\\\/\\\/sibiz.eu\\\/wp-content\\\/uploads\\\/2024\\\/07\\\/cropped-favicon_sibiz.png\",\"width\":512,\"height\":512,\"caption\":\"Sibiz d.o.o.\"},\"image\":{\"@id\":\"https:\\\/\\\/sibiz.eu\\\/tr\\\/#\\\/schema\\\/logo\\\/image\\\/\"}},{\"@type\":\"Person\",\"@id\":\"https:\\\/\\\/sibiz.eu\\\/tr\\\/#\\\/schema\\\/person\\\/acb5115f98f8d861f08ed42bbd39b171\",\"name\":\"info@wpm.si\",\"description\":\"Admin lorem ispum text\",\"url\":\"https:\\\/\\\/sibiz.eu\\\/tr\\\/author\\\/wpm\\\/\"}]}<\/script>\n<!-- \/ Yoast SEO plugin. -->","yoast_head_json":{"title":"Slovenya ulusal bayram\u0131, 8 \u015eubat - Sibiz d.o.o.","robots":{"index":"index","follow":"follow","max-snippet":"max-snippet:-1","max-image-preview":"max-image-preview:large","max-video-preview":"max-video-preview:-1"},"canonical":"https:\/\/sibiz.eu\/tr\/slovenya-ulusal-bayrami-8-subat\/","og_locale":"tr_TR","og_type":"article","og_title":"Slovenya ulusal bayram\u0131, 8 \u015eubat - Sibiz d.o.o.","og_description":"Slovenya&#8217;n\u0131n k\u00fclt\u00fcrel bayram\u0131 olan Pre\u0161eren g\u00fcn\u00fc 8 \u015eubat&#8217;ta kutlanmaktad\u0131r. Bu g\u00fcn 1849 y\u0131l\u0131nda Slovenya&#8217;n\u0131n en b\u00fcy\u00fck \u015fairi France Pre\u0161eren \u00f6ld\u00fc. \u015eair, Sloven \u015fiirine ve onun d\u00fcnyada tan\u0131nmas\u0131na b\u00fcy\u00fck katk\u0131 sa\u011flam\u0131\u015ft\u0131r. Onun ola\u011fan\u00fcst\u00fc yarat\u0131c\u0131 ba\u015far\u0131lar\u0131 Romantizm ile ilgilidir. \u00c7ok \u00f6nemli bir ki\u015fiydi; bu nedenle an\u0131tlar\u0131 \u00fclkenin her yerinde bulunmaktad\u0131r. En \u00fcnl\u00fcs\u00fc Ljubljana&#8217;daki Pre\u0161eren Meydan\u0131&#8217;nda duran ve [&hellip;]","og_url":"https:\/\/sibiz.eu\/tr\/slovenya-ulusal-bayrami-8-subat\/","og_site_name":"Sibiz d.o.o.","article_published_time":"2019-02-07T16:36:18+00:00","article_modified_time":"2025-01-10T08:26:59+00:00","og_image":[{"width":500,"height":213,"url":"https:\/\/sibiz.eu\/wp-content\/uploads\/2019\/02\/france-preseren-ivancna-gorica.si_-1.jpg","type":"image\/jpeg"}],"author":"info@wpm.si","twitter_card":"summary_large_image","twitter_misc":{"Yazan:":"info@wpm.si","Tahmini okuma s\u00fcresi":"1 dakika"},"schema":{"@context":"https:\/\/schema.org","@graph":[{"@type":"Article","@id":"https:\/\/sibiz.eu\/tr\/slovenya-ulusal-bayrami-8-subat\/#article","isPartOf":{"@id":"https:\/\/sibiz.eu\/tr\/slovenya-ulusal-bayrami-8-subat\/"},"author":{"name":"info@wpm.si","@id":"https:\/\/sibiz.eu\/tr\/#\/schema\/person\/acb5115f98f8d861f08ed42bbd39b171"},"headline":"Slovenya ulusal bayram\u0131, 8 \u015eubat","datePublished":"2019-02-07T16:36:18+00:00","dateModified":"2025-01-10T08:26:59+00:00","mainEntityOfPage":{"@id":"https:\/\/sibiz.eu\/tr\/slovenya-ulusal-bayrami-8-subat\/"},"wordCount":198,"publisher":{"@id":"https:\/\/sibiz.eu\/tr\/#organization"},"image":{"@id":"https:\/\/sibiz.eu\/tr\/slovenya-ulusal-bayrami-8-subat\/#primaryimage"},"thumbnailUrl":"https:\/\/sibiz.eu\/wp-content\/uploads\/2019\/02\/france-preseren-ivancna-gorica.si_-1.jpg","articleSection":["BLOG","K\u00fclt\u00fcr","Slovenya'da Ya\u015fam"],"inLanguage":"tr"},{"@type":"WebPage","@id":"https:\/\/sibiz.eu\/tr\/slovenya-ulusal-bayrami-8-subat\/","url":"https:\/\/sibiz.eu\/tr\/slovenya-ulusal-bayrami-8-subat\/","name":"Slovenya ulusal bayram\u0131, 8 \u015eubat - Sibiz d.o.o.","isPartOf":{"@id":"https:\/\/sibiz.eu\/tr\/#website"},"primaryImageOfPage":{"@id":"https:\/\/sibiz.eu\/tr\/slovenya-ulusal-bayrami-8-subat\/#primaryimage"},"image":{"@id":"https:\/\/sibiz.eu\/tr\/slovenya-ulusal-bayrami-8-subat\/#primaryimage"},"thumbnailUrl":"https:\/\/sibiz.eu\/wp-content\/uploads\/2019\/02\/france-preseren-ivancna-gorica.si_-1.jpg","datePublished":"2019-02-07T16:36:18+00:00","dateModified":"2025-01-10T08:26:59+00:00","breadcrumb":{"@id":"https:\/\/sibiz.eu\/tr\/slovenya-ulusal-bayrami-8-subat\/#breadcrumb"},"inLanguage":"tr","potentialAction":[{"@type":"ReadAction","target":["https:\/\/sibiz.eu\/tr\/slovenya-ulusal-bayrami-8-subat\/"]}]},{"@type":"ImageObject","inLanguage":"tr","@id":"https:\/\/sibiz.eu\/tr\/slovenya-ulusal-bayrami-8-subat\/#primaryimage","url":"https:\/\/sibiz.eu\/wp-content\/uploads\/2019\/02\/france-preseren-ivancna-gorica.si_-1.jpg","contentUrl":"https:\/\/sibiz.eu\/wp-content\/uploads\/2019\/02\/france-preseren-ivancna-gorica.si_-1.jpg","width":500,"height":213},{"@type":"BreadcrumbList","@id":"https:\/\/sibiz.eu\/tr\/slovenya-ulusal-bayrami-8-subat\/#breadcrumb","itemListElement":[{"@type":"ListItem","position":1,"name":"Home","item":"https:\/\/sibiz.eu\/tr\/"},{"@type":"ListItem","position":2,"name":"Slovenya ulusal bayram\u0131, 8 \u015eubat"}]},{"@type":"WebSite","@id":"https:\/\/sibiz.eu\/tr\/#website","url":"https:\/\/sibiz.eu\/tr\/","name":"Sibiz d.o.o.","description":"Sibiz d.o.o. is a premier provider of advanced ASIC, FPGA, Firmware and Software design services and is actively developing soft IP Cores, high-performance processors, data-communication network processors and switches used as infrastructure blocks in building complex SoC products for communications and a variety of embedded applications.","publisher":{"@id":"https:\/\/sibiz.eu\/tr\/#organization"},"potentialAction":[{"@type":"SearchAction","target":{"@type":"EntryPoint","urlTemplate":"https:\/\/sibiz.eu\/tr\/?s={search_term_string}"},"query-input":{"@type":"PropertyValueSpecification","valueRequired":true,"valueName":"search_term_string"}}],"inLanguage":"tr"},{"@type":"Organization","@id":"https:\/\/sibiz.eu\/tr\/#organization","name":"Sibiz d.o.o.","url":"https:\/\/sibiz.eu\/tr\/","logo":{"@type":"ImageObject","inLanguage":"tr","@id":"https:\/\/sibiz.eu\/tr\/#\/schema\/logo\/image\/","url":"https:\/\/sibiz.eu\/wp-content\/uploads\/2024\/07\/cropped-favicon_sibiz.png","contentUrl":"https:\/\/sibiz.eu\/wp-content\/uploads\/2024\/07\/cropped-favicon_sibiz.png","width":512,"height":512,"caption":"Sibiz d.o.o."},"image":{"@id":"https:\/\/sibiz.eu\/tr\/#\/schema\/logo\/image\/"}},{"@type":"Person","@id":"https:\/\/sibiz.eu\/tr\/#\/schema\/person\/acb5115f98f8d861f08ed42bbd39b171","name":"info@wpm.si","description":"Admin lorem ispum text","url":"https:\/\/sibiz.eu\/tr\/author\/wpm\/"}]}},"_links":{"self":[{"href":"https:\/\/sibiz.eu\/tr\/wp-json\/wp\/v2\/posts\/12737","targetHints":{"allow":["GET"]}}],"collection":[{"href":"https:\/\/sibiz.eu\/tr\/wp-json\/wp\/v2\/posts"}],"about":[{"href":"https:\/\/sibiz.eu\/tr\/wp-json\/wp\/v2\/types\/post"}],"author":[{"embeddable":true,"href":"https:\/\/sibiz.eu\/tr\/wp-json\/wp\/v2\/users\/2"}],"replies":[{"embeddable":true,"href":"https:\/\/sibiz.eu\/tr\/wp-json\/wp\/v2\/comments?post=12737"}],"version-history":[{"count":1,"href":"https:\/\/sibiz.eu\/tr\/wp-json\/wp\/v2\/posts\/12737\/revisions"}],"predecessor-version":[{"id":12742,"href":"https:\/\/sibiz.eu\/tr\/wp-json\/wp\/v2\/posts\/12737\/revisions\/12742"}],"wp:featuredmedia":[{"embeddable":true,"href":"https:\/\/sibiz.eu\/tr\/wp-json\/wp\/v2\/media\/11213"}],"wp:attachment":[{"href":"https:\/\/sibiz.eu\/tr\/wp-json\/wp\/v2\/media?parent=12737"}],"wp:term":[{"taxonomy":"category","embeddable":true,"href":"https:\/\/sibiz.eu\/tr\/wp-json\/wp\/v2\/categories?post=12737"},{"taxonomy":"post_tag","embeddable":true,"href":"https:\/\/sibiz.eu\/tr\/wp-json\/wp\/v2\/tags?post=12737"}],"curies":[{"name":"wp","href":"https:\/\/api.w.org\/{rel}","templated":true}]}}